{"id":10033,"date":"2023-04-18T19:38:58","date_gmt":"2023-04-18T17:38:58","guid":{"rendered":"https:\/\/www.sitercl.com\/News\/?p=10033"},"modified":"2023-04-18T19:38:59","modified_gmt":"2023-04-18T17:38:59","slug":"contrat-pro-pour-un-jeune-belge","status":"publish","type":"post","link":"https:\/\/www.sitercl.com\/News\/?p=10033","title":{"rendered":"Contrat pro pour un jeune Belge"},"content":{"rendered":"<div class=\"wp-block-image\">\n<figure class=\"alignright size-full is-resized\"><img loading=\"lazy\" decoding=\"async\" src=\"https:\/\/www.sitercl.com\/News\/wp-content\/uploads\/2023\/04\/Sishuba.jpg\" alt=\"\" class=\"wp-image-10034\" width=\"220\" height=\"215\" srcset=\"https:\/\/www.sitercl.com\/News\/wp-content\/uploads\/2023\/04\/Sishuba.jpg 439w, https:\/\/www.sitercl.com\/News\/wp-content\/uploads\/2023\/04\/Sishuba-300x294.jpg 300w\" sizes=\"auto, (max-width: 220px) 85vw, 220px\" \/><\/figure>\n<\/div>\n\n\n<p>Le jeune milieu offensif Belge, Ayanda Sishuba a sign\u00e9 son premier contrat pro avec le RC Lens. Ag\u00e9 de 18 ans, il est pr\u00e9sent \u00e0 la Gaillette depuis ses 13 ans. International Belge U18, il a effectu\u00e9 ses premiers matches avec l&rsquo;\u00e9quipe r\u00e9serve en National 2 (7 matches) la saison pass\u00e9e et est devenu un des leaders cette saison de l&rsquo;\u00e9quipe de National 3 (13 matches, 7 buts).<\/p>\n\n\n\n<p>La signature de son premier contrat professionnel le lie avec le club art\u00e9sien jusqu\u2019en 2026.<\/p>\n","protected":false},"excerpt":{"rendered":"<p>Le jeune milieu offensif Belge, Ayanda Sishuba a sign\u00e9 son premier contrat pro avec le RC Lens. Ag\u00e9 de 18 ans, il est pr\u00e9sent \u00e0 la Gaillette depuis ses 13 ans. International Belge U18, il a effectu\u00e9 ses premiers matches avec l&rsquo;\u00e9quipe r\u00e9serve en National 2 (7 matches) la saison pass\u00e9e et est devenu un &hellip; <a href=\"https:\/\/www.sitercl.com\/News\/?p=10033\" class=\"more-link\">Continuer la lecture<span class=\"screen-reader-text\"> de &laquo;&nbsp;Contrat pro pour un jeune Belge&nbsp;&raquo;<\/span><\/a><\/p>\n","protected":false},"author":2,"featured_media":0,"comment_status":"closed","ping_status":"open","sticky":false,"template":"","format":"standard","meta":{"footnotes":""},"categories":[2],"tags":[68,110,34,580],"class_list":["post-10033","post","type-post","status-publish","format-standard","hentry","category-infos","tag-contrat","tag-formation","tag-la-gaillette","tag-sishuba"],"_links":{"self":[{"href":"https:\/\/www.sitercl.com\/News\/index.php?rest_route=\/wp\/v2\/posts\/10033","targetHints":{"allow":["GET"]}}],"collection":[{"href":"https:\/\/www.sitercl.com\/News\/index.php?rest_route=\/wp\/v2\/posts"}],"about":[{"href":"https:\/\/www.sitercl.com\/News\/index.php?rest_route=\/wp\/v2\/types\/post"}],"author":[{"embeddable":true,"href":"https:\/\/www.sitercl.com\/News\/index.php?rest_route=\/wp\/v2\/users\/2"}],"replies":[{"embeddable":true,"href":"https:\/\/www.sitercl.com\/News\/index.php?rest_route=%2Fwp%2Fv2%2Fcomments&post=10033"}],"version-history":[{"count":1,"href":"https:\/\/www.sitercl.com\/News\/index.php?rest_route=\/wp\/v2\/posts\/10033\/revisions"}],"predecessor-version":[{"id":10035,"href":"https:\/\/www.sitercl.com\/News\/index.php?rest_route=\/wp\/v2\/posts\/10033\/revisions\/10035"}],"wp:attachment":[{"href":"https:\/\/www.sitercl.com\/News\/index.php?rest_route=%2Fwp%2Fv2%2Fmedia&parent=10033"}],"wp:term":[{"taxonomy":"category","embeddable":true,"href":"https:\/\/www.sitercl.com\/News\/index.php?rest_route=%2Fwp%2Fv2%2Fcategories&post=10033"},{"taxonomy":"post_tag","embeddable":true,"href":"https:\/\/www.sitercl.com\/News\/index.php?rest_route=%2Fwp%2Fv2%2Ftags&post=10033"}],"curies":[{"name":"wp","href":"https:\/\/api.w.org\/{rel}","templated":true}]}}