{"id":10041,"date":"2023-04-19T19:33:06","date_gmt":"2023-04-19T17:33:06","guid":{"rendered":"https:\/\/www.sitercl.com\/News\/?p=10041"},"modified":"2023-04-19T19:33:07","modified_gmt":"2023-04-19T17:33:07","slug":"un-autre-trophee-pour-un-lensois","status":"publish","type":"post","link":"https:\/\/www.sitercl.com\/News\/?p=10041","title":{"rendered":"Un autre troph\u00e9e pour un Lensois ?"},"content":{"rendered":"<div class=\"wp-block-image\">\n<figure class=\"alignright size-large\"><img decoding=\"async\" src=\"https:\/\/www.sitercl.com\/Navigat\/NAVI-rcl.gif\" alt=\"\"\/><\/figure>\n<\/div>\n\n\n<p>Alors qu&rsquo;Openda vient de gagner le <a href=\"https:\/\/www.sitercl.com\/News\/?post_type=post&amp;p=10038\">troph\u00e9e UNFP<\/a> du joueur de Ligue 1 du mois de Mars, un autre Lensois pourrait \u00eatre r\u00e9compens\u00e9 fin mai&#8230;<\/p>\n\n\n\n<p>En effet, deux Sang et Or sont nomm\u00e9s au prix du meilleur joueur africain de Ligue 1, le prix Marc-Vivien Fo\u00e9. Seko Fofana, d\u00e9j\u00e0 vainqueur <a href=\"https:\/\/www.sitercl.com\/News\/?p=7743\">la saison pass\u00e9e,<\/a> est de nouveau dans la liste des 11 joueurs s\u00e9lectionn\u00e9s avec son co\u00e9quipier Ghan\u00e9en, Salis Abdul Samed. Un troisi\u00e8me lensois de suite sera-t-il vainqueur ? En effet, en 2021, c&rsquo;\u00e9tait <a href=\"https:\/\/www.sitercl.com\/News\/?p=5327\">Ga\u00ebl Kakuta<\/a> le vainqueur.<\/p>\n\n\n\n<p><em>La liste des onze finalistes<\/em> :<\/p>\n\n\n\n<p>Seko Fofana (C\u00f4te d\u2019Ivoire\/Lens)<br>Salis Abdul Samed (Ghana\/Lens)<br>Yunis Abdelhamid (Maroc\/Reims)<br>Mama Bald\u00e9 (Guin\u00e9e-Bissau\/Troyes)<br>Mohamed Camara (Mali\/Monaco)<br>Habib Diallo (S\u00e9n\u00e9gal\/Strasbourg)<br>Achraf Hakimi (Maroc\/Paris Saint-Germain)<br>Chancel Mbemba (R\u00e9publique d\u00e9mocratique du Congo\/Marseille)<br>Terem Moffi (Nig\u00e9ria\/Nice)<br>Marshall Munetsi (Zimbabwe\/Reims)<br>Hamari Traor\u00e9 (Mali\/Rennes)<\/p>\n","protected":false},"excerpt":{"rendered":"<p>Alors qu&rsquo;Openda vient de gagner le troph\u00e9e UNFP du joueur de Ligue 1 du mois de Mars, un autre Lensois pourrait \u00eatre r\u00e9compens\u00e9 fin mai&#8230; En effet, deux Sang et Or sont nomm\u00e9s au prix du meilleur joueur africain de Ligue 1, le prix Marc-Vivien Fo\u00e9. Seko Fofana, d\u00e9j\u00e0 vainqueur la saison pass\u00e9e, est de &hellip; <a href=\"https:\/\/www.sitercl.com\/News\/?p=10041\" class=\"more-link\">Continuer la lecture<span class=\"screen-reader-text\"> de &laquo;&nbsp;Un autre troph\u00e9e pour un Lensois ?&nbsp;&raquo;<\/span><\/a><\/p>\n","protected":false},"author":2,"featured_media":0,"comment_status":"closed","ping_status":"open","sticky":false,"template":"","format":"standard","meta":{"footnotes":""},"categories":[2],"tags":[537,422,375,138],"class_list":["post-10041","post","type-post","status-publish","format-standard","hentry","category-infos","tag-abdul-samed","tag-foe","tag-fofana","tag-trophee"],"_links":{"self":[{"href":"https:\/\/www.sitercl.com\/News\/index.php?rest_route=\/wp\/v2\/posts\/10041","targetHints":{"allow":["GET"]}}],"collection":[{"href":"https:\/\/www.sitercl.com\/News\/index.php?rest_route=\/wp\/v2\/posts"}],"about":[{"href":"https:\/\/www.sitercl.com\/News\/index.php?rest_route=\/wp\/v2\/types\/post"}],"author":[{"embeddable":true,"href":"https:\/\/www.sitercl.com\/News\/index.php?rest_route=\/wp\/v2\/users\/2"}],"replies":[{"embeddable":true,"href":"https:\/\/www.sitercl.com\/News\/index.php?rest_route=%2Fwp%2Fv2%2Fcomments&post=10041"}],"version-history":[{"count":2,"href":"https:\/\/www.sitercl.com\/News\/index.php?rest_route=\/wp\/v2\/posts\/10041\/revisions"}],"predecessor-version":[{"id":10044,"href":"https:\/\/www.sitercl.com\/News\/index.php?rest_route=\/wp\/v2\/posts\/10041\/revisions\/10044"}],"wp:attachment":[{"href":"https:\/\/www.sitercl.com\/News\/index.php?rest_route=%2Fwp%2Fv2%2Fmedia&parent=10041"}],"wp:term":[{"taxonomy":"category","embeddable":true,"href":"https:\/\/www.sitercl.com\/News\/index.php?rest_route=%2Fwp%2Fv2%2Fcategories&post=10041"},{"taxonomy":"post_tag","embeddable":true,"href":"https:\/\/www.sitercl.com\/News\/index.php?rest_route=%2Fwp%2Fv2%2Ftags&post=10041"}],"curies":[{"name":"wp","href":"https:\/\/api.w.org\/{rel}","templated":true}]}}