{"id":10387,"date":"2023-06-02T19:04:23","date_gmt":"2023-06-02T17:04:23","guid":{"rendered":"https:\/\/www.sitercl.com\/News\/?p=10387"},"modified":"2023-06-03T14:42:37","modified_gmt":"2023-06-03T12:42:37","slug":"les-groupes-pour-aja-rcl","status":"publish","type":"post","link":"https:\/\/www.sitercl.com\/News\/?p=10387","title":{"rendered":"Les groupes pour AJA &#8211; RCL"},"content":{"rendered":"<div class=\"wp-block-image\">\n<figure class=\"alignright size-full\"><img loading=\"lazy\" decoding=\"async\" width=\"137\" height=\"150\" src=\"https:\/\/www.sitercl.com\/News\/wp-content\/uploads\/2018\/12\/grpjoueu.jpg\" alt=\"\" class=\"wp-image-248\"\/><\/figure>\n<\/div>\n\n\n<p>Retrouvez les groupes convoqu\u00e9s pour la rencontre entre l&rsquo;AJ Auxerre et le RC Lens de ce samedi \u00e0 partir de 21h et comptant pour la derni\u00e8re journ\u00e9e du championnat\u2026<\/p>\n\n\n\n<p><strong>Pour l&rsquo;AJA<\/strong> :<br>Radu, L\u00e9on, De Percin &#8211; Jubal, Zedadka, Mensah, Jeanvier, I.\u00a0Tour\u00e9, Raveloson &#8211; M&rsquo;Changama, Hein, Perrin, B.\u00a0Tour\u00e9, Sakhi, Autret, Demb\u00e9l\u00e9, Massengo &#8211; Da Costa, Niang, Sinayoko, Abline.<\/p>\n\n\n\n<p>Elisha Owusu est forfait. Un temps incertain, l&rsquo;ancien Lensois Akim Zedadka est bien convoqu\u00e9 par Christophe Pelissier. Au contraire de Th\u00e9o Pellenard, lui aussi g\u00ean\u00e9.<\/p>\n\n\n\n<p><strong>Pour le RC Lens<\/strong> :<br>Jean-Louis LECA, Yannick PANDOR, Brice SAMBA; Kevin DANSO, Przemyslaw FRANKOWSKI, Jonathan GRADIT, Massadio HA\u00cfDARA,&nbsp;Julien LE CARDINAL, Deiver MACHADO, Facundo MEDINA; Salis ABDUL SAMED, Alexis CLAUDE-MAURICE, Seko FOFANA, Angelo FULGINI, Jean ONANA, Lukasz POREBA, Adrien THOMASSON; Adam BUKSA, Lo\u00efs OPENDA, Wesley SAID, Florian SOTOCA.<\/p>\n\n\n\n<p>Les absents sont Jimmy CABOT (genou) et Wuilker FARINEZ (genou) [voir le communiqu\u00e9 m\u00e9dical les concernant] ainsi que David&nbsp;PEREIRA DA COSTA. Ce dernier souffre d&rsquo;une entorse de la cheville acquise lors d&rsquo;un entra\u00eenement.<\/p>\n\n\n\n<p>A noter que m\u00eame si l&rsquo;\u00e9quipe ne sera pas totalement modifi\u00e9e pour ce dernier match (c&rsquo;est m\u00eame interdit par le r\u00e8glement de la LFP), Franck Haise pourrait toutefois laisser sur le banc Medina et Samba, les deux Lensois \u00e9tant sur le coup d&rsquo;une suspension en cas de nouveau carton jaune.<\/p>\n\n\n\n<p><strong>L&rsquo;arbitre de la rencontre<\/strong> : <a href=\"https:\/\/www.sitercl.com\/News\/?post_type=post&amp;p=10367\">rappel<\/a>, il s&rsquo;agit de M. Beno\u00eet MILLOT.<\/p>\n","protected":false},"excerpt":{"rendered":"<p>Retrouvez les groupes convoqu\u00e9s pour la rencontre entre l&rsquo;AJ Auxerre et le RC Lens de ce samedi \u00e0 partir de 21h et comptant pour la derni\u00e8re journ\u00e9e du championnat\u2026 Pour l&rsquo;AJA :Radu, L\u00e9on, De Percin &#8211; Jubal, Zedadka, Mensah, Jeanvier, I.\u00a0Tour\u00e9, Raveloson &#8211; M&rsquo;Changama, Hein, Perrin, B.\u00a0Tour\u00e9, Sakhi, Autret, Demb\u00e9l\u00e9, Massengo &#8211; Da Costa, Niang, &hellip; <a href=\"https:\/\/www.sitercl.com\/News\/?p=10387\" class=\"more-link\">Continuer la lecture<span class=\"screen-reader-text\"> de &laquo;&nbsp;Les groupes pour AJA &#8211; RCL&nbsp;&raquo;<\/span><\/a><\/p>\n","protected":false},"author":2,"featured_media":0,"comment_status":"closed","ping_status":"open","sticky":false,"template":"","format":"standard","meta":{"footnotes":""},"categories":[2],"tags":[104,11,151],"class_list":["post-10387","post","type-post","status-publish","format-standard","hentry","category-infos","tag-auxerre","tag-groupes","tag-ligue-1"],"_links":{"self":[{"href":"https:\/\/www.sitercl.com\/News\/index.php?rest_route=\/wp\/v2\/posts\/10387","targetHints":{"allow":["GET"]}}],"collection":[{"href":"https:\/\/www.sitercl.com\/News\/index.php?rest_route=\/wp\/v2\/posts"}],"about":[{"href":"https:\/\/www.sitercl.com\/News\/index.php?rest_route=\/wp\/v2\/types\/post"}],"author":[{"embeddable":true,"href":"https:\/\/www.sitercl.com\/News\/index.php?rest_route=\/wp\/v2\/users\/2"}],"replies":[{"embeddable":true,"href":"https:\/\/www.sitercl.com\/News\/index.php?rest_route=%2Fwp%2Fv2%2Fcomments&post=10387"}],"version-history":[{"count":2,"href":"https:\/\/www.sitercl.com\/News\/index.php?rest_route=\/wp\/v2\/posts\/10387\/revisions"}],"predecessor-version":[{"id":10394,"href":"https:\/\/www.sitercl.com\/News\/index.php?rest_route=\/wp\/v2\/posts\/10387\/revisions\/10394"}],"wp:attachment":[{"href":"https:\/\/www.sitercl.com\/News\/index.php?rest_route=%2Fwp%2Fv2%2Fmedia&parent=10387"}],"wp:term":[{"taxonomy":"category","embeddable":true,"href":"https:\/\/www.sitercl.com\/News\/index.php?rest_route=%2Fwp%2Fv2%2Fcategories&post=10387"},{"taxonomy":"post_tag","embeddable":true,"href":"https:\/\/www.sitercl.com\/News\/index.php?rest_route=%2Fwp%2Fv2%2Ftags&post=10387"}],"curies":[{"name":"wp","href":"https:\/\/api.w.org\/{rel}","templated":true}]}}