{"id":10428,"date":"2023-06-08T19:27:48","date_gmt":"2023-06-08T17:27:48","guid":{"rendered":"https:\/\/www.sitercl.com\/News\/?p=10428"},"modified":"2023-06-08T19:30:12","modified_gmt":"2023-06-08T17:30:12","slug":"un-an-de-plus-pour-salis-abdul-samed","status":"publish","type":"post","link":"https:\/\/www.sitercl.com\/News\/?p=10428","title":{"rendered":"Un an de plus pour Salis Abdul Samed"},"content":{"rendered":"<div class=\"wp-block-image\">\n<figure class=\"alignright size-large\"><img decoding=\"async\" src=\"https:\/\/www.sitercl.com\/Fichejo\/A\/abdulsas.gif\" alt=\"\"\/><\/figure>\n<\/div>\n\n\n<p>Arriv\u00e9e du Clermont Foot l&rsquo;\u00e9t\u00e9 dernier, Salis Abdul Samed semble se plaire en Artois puisque le milieu de terrain lensois a prolong\u00e9 avec le club pour une saison suppl\u00e9mentaire. Son contrat, d\u00e9j\u00e0 d&rsquo;une p\u00e9riode assez longue, va donc maintenant jusqu&rsquo;en 2028.<\/p>\n","protected":false},"excerpt":{"rendered":"<p>Arriv\u00e9e du Clermont Foot l&rsquo;\u00e9t\u00e9 dernier, Salis Abdul Samed semble se plaire en Artois puisque le milieu de terrain lensois a prolong\u00e9 avec le club pour une saison suppl\u00e9mentaire. Son contrat, d\u00e9j\u00e0 d&rsquo;une p\u00e9riode assez longue, va donc maintenant jusqu&rsquo;en 2028.<\/p>\n","protected":false},"author":2,"featured_media":0,"comment_status":"closed","ping_status":"open","sticky":false,"template":"","format":"standard","meta":{"footnotes":""},"categories":[2],"tags":[537,68],"class_list":["post-10428","post","type-post","status-publish","format-standard","hentry","category-infos","tag-abdul-samed","tag-contrat"],"_links":{"self":[{"href":"https:\/\/www.sitercl.com\/News\/index.php?rest_route=\/wp\/v2\/posts\/10428","targetHints":{"allow":["GET"]}}],"collection":[{"href":"https:\/\/www.sitercl.com\/News\/index.php?rest_route=\/wp\/v2\/posts"}],"about":[{"href":"https:\/\/www.sitercl.com\/News\/index.php?rest_route=\/wp\/v2\/types\/post"}],"author":[{"embeddable":true,"href":"https:\/\/www.sitercl.com\/News\/index.php?rest_route=\/wp\/v2\/users\/2"}],"replies":[{"embeddable":true,"href":"https:\/\/www.sitercl.com\/News\/index.php?rest_route=%2Fwp%2Fv2%2Fcomments&post=10428"}],"version-history":[{"count":1,"href":"https:\/\/www.sitercl.com\/News\/index.php?rest_route=\/wp\/v2\/posts\/10428\/revisions"}],"predecessor-version":[{"id":10429,"href":"https:\/\/www.sitercl.com\/News\/index.php?rest_route=\/wp\/v2\/posts\/10428\/revisions\/10429"}],"wp:attachment":[{"href":"https:\/\/www.sitercl.com\/News\/index.php?rest_route=%2Fwp%2Fv2%2Fmedia&parent=10428"}],"wp:term":[{"taxonomy":"category","embeddable":true,"href":"https:\/\/www.sitercl.com\/News\/index.php?rest_route=%2Fwp%2Fv2%2Fcategories&post=10428"},{"taxonomy":"post_tag","embeddable":true,"href":"https:\/\/www.sitercl.com\/News\/index.php?rest_route=%2Fwp%2Fv2%2Ftags&post=10428"}],"curies":[{"name":"wp","href":"https:\/\/api.w.org\/{rel}","templated":true}]}}