{"id":10433,"date":"2023-06-09T21:21:49","date_gmt":"2023-06-09T19:21:49","guid":{"rendered":"https:\/\/www.sitercl.com\/News\/?p=10433"},"modified":"2023-06-17T16:18:18","modified_gmt":"2023-06-17T14:18:18","slug":"le-maillot-domicile-devoile-2","status":"publish","type":"post","link":"https:\/\/www.sitercl.com\/News\/?p=10433","title":{"rendered":"Le maillot domicile d\u00e9voil\u00e9 !"},"content":{"rendered":"<div class=\"wp-block-image\">\n<figure class=\"alignright size-full is-resized\"><img loading=\"lazy\" decoding=\"async\" src=\"https:\/\/www.sitercl.com\/News\/wp-content\/uploads\/2023\/06\/202324_maillot_home_rcl.jpg\" alt=\"\" class=\"wp-image-10435\" width=\"225\" height=\"233\" srcset=\"https:\/\/www.sitercl.com\/News\/wp-content\/uploads\/2023\/06\/202324_maillot_home_rcl.jpg 300w, https:\/\/www.sitercl.com\/News\/wp-content\/uploads\/2023\/06\/202324_maillot_home_rcl-289x300.jpg 289w\" sizes=\"auto, (max-width: 225px) 85vw, 225px\" \/><\/figure>\n<\/div>\n\n\n<p>Le maillot domicile de la saison prochaine (2023\/24) a d\u00e9j\u00e0 \u00e9t\u00e9 d\u00e9voil\u00e9 par le RC Lens ! Le site officiel indique m\u00eame qu&rsquo;un supporter complice le portait d\u00e9j\u00e0 lors du dernier match de l&rsquo;\u00e9quipe lensoise \u00e0 Bollaert-Delelis, \u00e0 savoir donc lors de la rencontre face \u00e0 l&rsquo;AC Ajaccio pour la 37e journ\u00e9e.<br>Ce sont bien s\u00fbr les couleurs habituelles jaune et rouge qui ont \u00e9t\u00e9 choisies par <em>Puma<\/em>, l&rsquo;\u00e9quipementier des Lensois.<br>Une dominante jaune sur le torse avec des rayures rouges sur les flancs ainsi que des manches rouges qui apportent du relief \u00e0 l&rsquo;ensemble. <br>On notera \u00e9galement&nbsp;un col noir, des liser\u00e9s noirs, Sang &amp; Or sur les manches et une inscription \u00ab&nbsp;POUR L\u2019AMOUR DU MAILLOT&nbsp;\u00bb visible dans le col du maillot.<\/p>\n\n\n\n<p>Sa vente d\u00e9bute d\u00e8s ce samedi 10 juin 2023 dans les boutiques officielles (centre commercial Aushopping Noyelles \u00e0 9h30, boutique.rclens.fr \u00e0 10h, Emotion Foot \u00e0 12h).<\/p>\n","protected":false},"excerpt":{"rendered":"<p>Le maillot domicile de la saison prochaine (2023\/24) a d\u00e9j\u00e0 \u00e9t\u00e9 d\u00e9voil\u00e9 par le RC Lens ! Le site officiel indique m\u00eame qu&rsquo;un supporter complice le portait d\u00e9j\u00e0 lors du dernier match de l&rsquo;\u00e9quipe lensoise \u00e0 Bollaert-Delelis, \u00e0 savoir donc lors de la rencontre face \u00e0 l&rsquo;AC Ajaccio pour la 37e journ\u00e9e.Ce sont bien s\u00fbr &hellip; <a href=\"https:\/\/www.sitercl.com\/News\/?p=10433\" class=\"more-link\">Continuer la lecture<span class=\"screen-reader-text\"> de &laquo;&nbsp;Le maillot domicile d\u00e9voil\u00e9 !&nbsp;&raquo;<\/span><\/a><\/p>\n","protected":false},"author":2,"featured_media":0,"comment_status":"closed","ping_status":"open","sticky":false,"template":"","format":"standard","meta":{"footnotes":""},"categories":[2],"tags":[192,322,431],"class_list":["post-10433","post","type-post","status-publish","format-standard","hentry","category-infos","tag-maillot","tag-merchandising","tag-puma"],"_links":{"self":[{"href":"https:\/\/www.sitercl.com\/News\/index.php?rest_route=\/wp\/v2\/posts\/10433","targetHints":{"allow":["GET"]}}],"collection":[{"href":"https:\/\/www.sitercl.com\/News\/index.php?rest_route=\/wp\/v2\/posts"}],"about":[{"href":"https:\/\/www.sitercl.com\/News\/index.php?rest_route=\/wp\/v2\/types\/post"}],"author":[{"embeddable":true,"href":"https:\/\/www.sitercl.com\/News\/index.php?rest_route=\/wp\/v2\/users\/2"}],"replies":[{"embeddable":true,"href":"https:\/\/www.sitercl.com\/News\/index.php?rest_route=%2Fwp%2Fv2%2Fcomments&post=10433"}],"version-history":[{"count":2,"href":"https:\/\/www.sitercl.com\/News\/index.php?rest_route=\/wp\/v2\/posts\/10433\/revisions"}],"predecessor-version":[{"id":10458,"href":"https:\/\/www.sitercl.com\/News\/index.php?rest_route=\/wp\/v2\/posts\/10433\/revisions\/10458"}],"wp:attachment":[{"href":"https:\/\/www.sitercl.com\/News\/index.php?rest_route=%2Fwp%2Fv2%2Fmedia&parent=10433"}],"wp:term":[{"taxonomy":"category","embeddable":true,"href":"https:\/\/www.sitercl.com\/News\/index.php?rest_route=%2Fwp%2Fv2%2Fcategories&post=10433"},{"taxonomy":"post_tag","embeddable":true,"href":"https:\/\/www.sitercl.com\/News\/index.php?rest_route=%2Fwp%2Fv2%2Ftags&post=10433"}],"curies":[{"name":"wp","href":"https:\/\/api.w.org\/{rel}","templated":true}]}}