{"id":10446,"date":"2023-06-14T21:37:38","date_gmt":"2023-06-14T19:37:38","guid":{"rendered":"https:\/\/www.sitercl.com\/News\/?p=10446"},"modified":"2023-06-14T21:37:38","modified_gmt":"2023-06-14T19:37:38","slug":"contrat-pro-pour-fode-sylla","status":"publish","type":"post","link":"https:\/\/www.sitercl.com\/News\/?p=10446","title":{"rendered":"Contrat pro pour Fod\u00e9 Sylla"},"content":{"rendered":"<div class=\"wp-block-image\">\n<figure class=\"alignright size-full\"><img loading=\"lazy\" decoding=\"async\" width=\"142\" height=\"130\" src=\"https:\/\/www.sitercl.com\/News\/wp-content\/uploads\/2019\/10\/signature.jpg\" alt=\"\" class=\"wp-image-2028\"\/><\/figure>\n<\/div>\n\n\n<p>Le site officiel du RC Lens nous apprend que le milieu de terrain de 17 ans, Fod\u00e9 Sylla, a sign\u00e9 un premier contrat professionnel, le liant au RC Lens jusqu\u2019en 2026. Un contrat pro qui vient ainsi r\u00e9compenser ses 9 ann\u00e9es de formation \u00e0 La Gaillette et sa progression, reconnue \u00e9galement par ses\u00a0diff\u00e9rentes s\u00e9lections tricolores en jeune.<\/p>\n","protected":false},"excerpt":{"rendered":"<p>Le site officiel du RC Lens nous apprend que le milieu de terrain de 17 ans, Fod\u00e9 Sylla, a sign\u00e9 un premier contrat professionnel, le liant au RC Lens jusqu\u2019en 2026. Un contrat pro qui vient ainsi r\u00e9compenser ses 9 ann\u00e9es de formation \u00e0 La Gaillette et sa progression, reconnue \u00e9galement par ses\u00a0diff\u00e9rentes s\u00e9lections tricolores &hellip; <a href=\"https:\/\/www.sitercl.com\/News\/?p=10446\" class=\"more-link\">Continuer la lecture<span class=\"screen-reader-text\"> de &laquo;&nbsp;Contrat pro pour Fod\u00e9 Sylla&nbsp;&raquo;<\/span><\/a><\/p>\n","protected":false},"author":2,"featured_media":0,"comment_status":"closed","ping_status":"open","sticky":false,"template":"","format":"standard","meta":{"footnotes":""},"categories":[2],"tags":[68,590],"class_list":["post-10446","post","type-post","status-publish","format-standard","hentry","category-infos","tag-contrat","tag-sylla-f"],"_links":{"self":[{"href":"https:\/\/www.sitercl.com\/News\/index.php?rest_route=\/wp\/v2\/posts\/10446","targetHints":{"allow":["GET"]}}],"collection":[{"href":"https:\/\/www.sitercl.com\/News\/index.php?rest_route=\/wp\/v2\/posts"}],"about":[{"href":"https:\/\/www.sitercl.com\/News\/index.php?rest_route=\/wp\/v2\/types\/post"}],"author":[{"embeddable":true,"href":"https:\/\/www.sitercl.com\/News\/index.php?rest_route=\/wp\/v2\/users\/2"}],"replies":[{"embeddable":true,"href":"https:\/\/www.sitercl.com\/News\/index.php?rest_route=%2Fwp%2Fv2%2Fcomments&post=10446"}],"version-history":[{"count":1,"href":"https:\/\/www.sitercl.com\/News\/index.php?rest_route=\/wp\/v2\/posts\/10446\/revisions"}],"predecessor-version":[{"id":10447,"href":"https:\/\/www.sitercl.com\/News\/index.php?rest_route=\/wp\/v2\/posts\/10446\/revisions\/10447"}],"wp:attachment":[{"href":"https:\/\/www.sitercl.com\/News\/index.php?rest_route=%2Fwp%2Fv2%2Fmedia&parent=10446"}],"wp:term":[{"taxonomy":"category","embeddable":true,"href":"https:\/\/www.sitercl.com\/News\/index.php?rest_route=%2Fwp%2Fv2%2Fcategories&post=10446"},{"taxonomy":"post_tag","embeddable":true,"href":"https:\/\/www.sitercl.com\/News\/index.php?rest_route=%2Fwp%2Fv2%2Ftags&post=10446"}],"curies":[{"name":"wp","href":"https:\/\/api.w.org\/{rel}","templated":true}]}}