{"id":10450,"date":"2023-06-16T18:40:21","date_gmt":"2023-06-16T16:40:21","guid":{"rendered":"https:\/\/www.sitercl.com\/News\/?p=10450"},"modified":"2023-06-16T18:40:22","modified_gmt":"2023-06-16T16:40:22","slug":"premiere-selection-pour-brice-samba","status":"publish","type":"post","link":"https:\/\/www.sitercl.com\/News\/?p=10450","title":{"rendered":"Premi\u00e8re s\u00e9lection pour Brice Samba ?"},"content":{"rendered":"<div class=\"wp-block-image\">\n<figure class=\"alignright size-large\"><img decoding=\"async\" src=\"https:\/\/www.sitercl.com\/Fichejo\/S\/sambabri.gif\" alt=\"\"\/><\/figure>\n<\/div>\n\n\n<p>Brice Samba pourrait \u00eatre titulaire ce vendredi (20h45) dans le but des Bleus face \u00e0 Gibraltar. En effet, le gardien lensois a \u00e9t\u00e9\u00a0d\u00e9sign\u00e9 par Didier Deschamps comme le num\u00e9ro deux\u00a0du poste dans la hi\u00e9rarchie devant Alphonse Areola et il devrait donc remplacer Mike Maignan qui a \u00e9t\u00e9 victime d&rsquo;une petite douleur musculaire au mollet jeudi \u00e0 l&rsquo;entra\u00eenement.<br>Ce serait la premi\u00e8re titularisation pour Brice Samba en \u00e9quipe de France \u00e0 l&rsquo;\u00e2ge de 29 ans. Le gardien lensois qui <a href=\"https:\/\/www.sitercl.com\/News\/?p=10362\">pour rappel<\/a> a \u00e9t\u00e9 \u00e9galement \u00e9lu meilleur joueur de Ligue 1 \u00e0 son poste&#8230;<\/p>\n","protected":false},"excerpt":{"rendered":"<p>Brice Samba pourrait \u00eatre titulaire ce vendredi (20h45) dans le but des Bleus face \u00e0 Gibraltar. En effet, le gardien lensois a \u00e9t\u00e9\u00a0d\u00e9sign\u00e9 par Didier Deschamps comme le num\u00e9ro deux\u00a0du poste dans la hi\u00e9rarchie devant Alphonse Areola et il devrait donc remplacer Mike Maignan qui a \u00e9t\u00e9 victime d&rsquo;une petite douleur musculaire au mollet jeudi &hellip; <a href=\"https:\/\/www.sitercl.com\/News\/?p=10450\" class=\"more-link\">Continuer la lecture<span class=\"screen-reader-text\"> de &laquo;&nbsp;Premi\u00e8re s\u00e9lection pour Brice Samba ?&nbsp;&raquo;<\/span><\/a><\/p>\n","protected":false},"author":2,"featured_media":0,"comment_status":"closed","ping_status":"open","sticky":false,"template":"","format":"standard","meta":{"footnotes":""},"categories":[2],"tags":[238,127,530],"class_list":["post-10450","post","type-post","status-publish","format-standard","hentry","category-infos","tag-bleus","tag-gardien","tag-samba"],"_links":{"self":[{"href":"https:\/\/www.sitercl.com\/News\/index.php?rest_route=\/wp\/v2\/posts\/10450","targetHints":{"allow":["GET"]}}],"collection":[{"href":"https:\/\/www.sitercl.com\/News\/index.php?rest_route=\/wp\/v2\/posts"}],"about":[{"href":"https:\/\/www.sitercl.com\/News\/index.php?rest_route=\/wp\/v2\/types\/post"}],"author":[{"embeddable":true,"href":"https:\/\/www.sitercl.com\/News\/index.php?rest_route=\/wp\/v2\/users\/2"}],"replies":[{"embeddable":true,"href":"https:\/\/www.sitercl.com\/News\/index.php?rest_route=%2Fwp%2Fv2%2Fcomments&post=10450"}],"version-history":[{"count":1,"href":"https:\/\/www.sitercl.com\/News\/index.php?rest_route=\/wp\/v2\/posts\/10450\/revisions"}],"predecessor-version":[{"id":10451,"href":"https:\/\/www.sitercl.com\/News\/index.php?rest_route=\/wp\/v2\/posts\/10450\/revisions\/10451"}],"wp:attachment":[{"href":"https:\/\/www.sitercl.com\/News\/index.php?rest_route=%2Fwp%2Fv2%2Fmedia&parent=10450"}],"wp:term":[{"taxonomy":"category","embeddable":true,"href":"https:\/\/www.sitercl.com\/News\/index.php?rest_route=%2Fwp%2Fv2%2Fcategories&post=10450"},{"taxonomy":"post_tag","embeddable":true,"href":"https:\/\/www.sitercl.com\/News\/index.php?rest_route=%2Fwp%2Fv2%2Ftags&post=10450"}],"curies":[{"name":"wp","href":"https:\/\/api.w.org\/{rel}","templated":true}]}}