{"id":10465,"date":"2023-06-20T19:53:14","date_gmt":"2023-06-20T17:53:14","guid":{"rendered":"https:\/\/www.sitercl.com\/News\/?p=10465"},"modified":"2023-06-20T19:53:14","modified_gmt":"2023-06-20T17:53:14","slug":"remy-labeau-lascary-vers-laval","status":"publish","type":"post","link":"https:\/\/www.sitercl.com\/News\/?p=10465","title":{"rendered":"R\u00e9my Labeau-Lascary vers Laval ?"},"content":{"rendered":"<div class=\"wp-block-image\">\n<figure class=\"alignright size-large\"><img decoding=\"async\" src=\"https:\/\/www.sitercl.com\/Fichejo\/L\/labeaulr.gif\" alt=\"\"\/><\/figure>\n<\/div>\n\n\n<p>Selon <em>La Voix Du Nord<\/em>, le jeune attaquant lensois, R\u00e9my Labeau-Lascary devrait continuer son apprentissage en Ligue 2. En effet, il devrait tr\u00e8s prochainement s&rsquo;engager sous la forme d&rsquo;un pr\u00eat sous les couleurs du Stade Lavallois. Pour rappel, il a fait douze apparitions chez les Pros Sang et Or cette saison (10 en championnat et 2 en coupe de France) sans r\u00e9ussir \u00e0 marquer \u00e0 l&rsquo;inverse de ses onze buts en 16 matches avec la r\u00e9serve.<\/p>\n","protected":false},"excerpt":{"rendered":"<p>Selon La Voix Du Nord, le jeune attaquant lensois, R\u00e9my Labeau-Lascary devrait continuer son apprentissage en Ligue 2. En effet, il devrait tr\u00e8s prochainement s&rsquo;engager sous la forme d&rsquo;un pr\u00eat sous les couleurs du Stade Lavallois. Pour rappel, il a fait douze apparitions chez les Pros Sang et Or cette saison (10 en championnat et &hellip; <a href=\"https:\/\/www.sitercl.com\/News\/?p=10465\" class=\"more-link\">Continuer la lecture<span class=\"screen-reader-text\"> de &laquo;&nbsp;R\u00e9my Labeau-Lascary vers Laval ?&nbsp;&raquo;<\/span><\/a><\/p>\n","protected":false},"author":2,"featured_media":0,"comment_status":"closed","ping_status":"open","sticky":false,"template":"","format":"standard","meta":{"footnotes":""},"categories":[2],"tags":[570,195,64],"class_list":["post-10465","post","type-post","status-publish","format-standard","hentry","category-infos","tag-labeau-lascary","tag-laval","tag-mercato"],"_links":{"self":[{"href":"https:\/\/www.sitercl.com\/News\/index.php?rest_route=\/wp\/v2\/posts\/10465","targetHints":{"allow":["GET"]}}],"collection":[{"href":"https:\/\/www.sitercl.com\/News\/index.php?rest_route=\/wp\/v2\/posts"}],"about":[{"href":"https:\/\/www.sitercl.com\/News\/index.php?rest_route=\/wp\/v2\/types\/post"}],"author":[{"embeddable":true,"href":"https:\/\/www.sitercl.com\/News\/index.php?rest_route=\/wp\/v2\/users\/2"}],"replies":[{"embeddable":true,"href":"https:\/\/www.sitercl.com\/News\/index.php?rest_route=%2Fwp%2Fv2%2Fcomments&post=10465"}],"version-history":[{"count":1,"href":"https:\/\/www.sitercl.com\/News\/index.php?rest_route=\/wp\/v2\/posts\/10465\/revisions"}],"predecessor-version":[{"id":10466,"href":"https:\/\/www.sitercl.com\/News\/index.php?rest_route=\/wp\/v2\/posts\/10465\/revisions\/10466"}],"wp:attachment":[{"href":"https:\/\/www.sitercl.com\/News\/index.php?rest_route=%2Fwp%2Fv2%2Fmedia&parent=10465"}],"wp:term":[{"taxonomy":"category","embeddable":true,"href":"https:\/\/www.sitercl.com\/News\/index.php?rest_route=%2Fwp%2Fv2%2Fcategories&post=10465"},{"taxonomy":"post_tag","embeddable":true,"href":"https:\/\/www.sitercl.com\/News\/index.php?rest_route=%2Fwp%2Fv2%2Ftags&post=10465"}],"curies":[{"name":"wp","href":"https:\/\/api.w.org\/{rel}","templated":true}]}}