{"id":10487,"date":"2023-06-29T19:39:45","date_gmt":"2023-06-29T17:39:45","guid":{"rendered":"https:\/\/www.sitercl.com\/News\/?p=10487"},"modified":"2023-06-30T18:22:36","modified_gmt":"2023-06-30T16:22:36","slug":"officiel-deux-arrivees-supplementaires","status":"publish","type":"post","link":"https:\/\/www.sitercl.com\/News\/?p=10487","title":{"rendered":"Officiel : deux arriv\u00e9es suppl\u00e9mentaires"},"content":{"rendered":"\n<p>Apr\u00e8s <a href=\"https:\/\/www.sitercl.com\/Fichejo\/S\/spierins.htm\">Stijn SPIERINGS<\/a>, le RC Lens a annonc\u00e9 ce jeudi l&rsquo;arriv\u00e9e de deux nouveaux joueurs\u2026<\/p>\n\n\n<div class=\"wp-block-image\">\n<figure class=\"aligncenter size-large\"><img decoding=\"async\" src=\"https:\/\/www.sitercl.com\/Fichejo\/E\/elaynaon.gif\" alt=\"\"\/><\/figure>\n<\/div>\n\n\n<p>Le milieu de terrain nanc\u00e9en, <strong>Neil El Aynaoui <\/strong>(21 ans), a sign\u00e9 un contrat de quatre ans avec le club art\u00e9sien. Il portera le num\u00e9ro\u00a023. Pour rappel, l&rsquo;AS Nancy-Lorraine, seul club o\u00f9 il a jou\u00e9 jusqu&rsquo;\u00e0 pr\u00e9sent vient d&rsquo;\u00eatre rel\u00e9gu\u00e9 administrativement par la DNCG de National en National 3.<\/p>\n\n\n\n<p><em>Sa pr\u00e9sentation par le RC Lens sur Youtube <\/em>: MERCA Tour 2023, <a href=\"https:\/\/www.youtube.com\/watch?v=2LvVlRkch3o\">\u00e9<\/a><a rel=\"noreferrer noopener\" href=\"https:\/\/www.youtube.com\/watch?v=2LvVlRkch3o\" target=\"_blank\">pisode 2<\/a><\/p>\n\n\n<div class=\"wp-block-image\">\n<figure class=\"aligncenter size-large\"><img decoding=\"async\" src=\"https:\/\/www.sitercl.com\/Fichejo\/G\/guilavom.gif\" alt=\"\"\/><\/figure>\n<\/div>\n\n\n<p>Autre arriv\u00e9e, celle de <strong>Morgan Guilavogui<\/strong>. Son transfert du Paris FC \u00e9tait <a href=\"https:\/\/www.sitercl.com\/News\/?p=10463\">attendu<\/a>. L&rsquo;attaquant de 25 ans a lui aussi sign\u00e9 pour quatre ans et il portera le num\u00e9ro 27.<\/p>\n\n\n\n<p><em>Sa pr\u00e9sentation par le RC Lens sur Youtube<\/em> : MERCA Tour 2023, <a href=\"https:\/\/www.youtube.com\/watch?v=okIJK4ba0Ac&amp;t=1s\" target=\"_blank\" rel=\"noreferrer noopener\">\u00e9pisode 3<\/a><\/p>\n","protected":false},"excerpt":{"rendered":"<p>Apr\u00e8s Stijn SPIERINGS, le RC Lens a annonc\u00e9 ce jeudi l&rsquo;arriv\u00e9e de deux nouveaux joueurs\u2026 Le milieu de terrain nanc\u00e9en, Neil El Aynaoui (21 ans), a sign\u00e9 un contrat de quatre ans avec le club art\u00e9sien. Il portera le num\u00e9ro\u00a023. Pour rappel, l&rsquo;AS Nancy-Lorraine, seul club o\u00f9 il a jou\u00e9 jusqu&rsquo;\u00e0 pr\u00e9sent vient d&rsquo;\u00eatre rel\u00e9gu\u00e9 &hellip; <a href=\"https:\/\/www.sitercl.com\/News\/?p=10487\" class=\"more-link\">Continuer la lecture<span class=\"screen-reader-text\"> de &laquo;&nbsp;Officiel : deux arriv\u00e9es suppl\u00e9mentaires&nbsp;&raquo;<\/span><\/a><\/p>\n","protected":false},"author":2,"featured_media":0,"comment_status":"closed","ping_status":"open","sticky":false,"template":"","format":"standard","meta":{"footnotes":""},"categories":[2],"tags":[597,506,64],"class_list":["post-10487","post","type-post","status-publish","format-standard","hentry","category-infos","tag-el-aynaoui","tag-guilavogui","tag-mercato"],"_links":{"self":[{"href":"https:\/\/www.sitercl.com\/News\/index.php?rest_route=\/wp\/v2\/posts\/10487","targetHints":{"allow":["GET"]}}],"collection":[{"href":"https:\/\/www.sitercl.com\/News\/index.php?rest_route=\/wp\/v2\/posts"}],"about":[{"href":"https:\/\/www.sitercl.com\/News\/index.php?rest_route=\/wp\/v2\/types\/post"}],"author":[{"embeddable":true,"href":"https:\/\/www.sitercl.com\/News\/index.php?rest_route=\/wp\/v2\/users\/2"}],"replies":[{"embeddable":true,"href":"https:\/\/www.sitercl.com\/News\/index.php?rest_route=%2Fwp%2Fv2%2Fcomments&post=10487"}],"version-history":[{"count":3,"href":"https:\/\/www.sitercl.com\/News\/index.php?rest_route=\/wp\/v2\/posts\/10487\/revisions"}],"predecessor-version":[{"id":10493,"href":"https:\/\/www.sitercl.com\/News\/index.php?rest_route=\/wp\/v2\/posts\/10487\/revisions\/10493"}],"wp:attachment":[{"href":"https:\/\/www.sitercl.com\/News\/index.php?rest_route=%2Fwp%2Fv2%2Fmedia&parent=10487"}],"wp:term":[{"taxonomy":"category","embeddable":true,"href":"https:\/\/www.sitercl.com\/News\/index.php?rest_route=%2Fwp%2Fv2%2Fcategories&post=10487"},{"taxonomy":"post_tag","embeddable":true,"href":"https:\/\/www.sitercl.com\/News\/index.php?rest_route=%2Fwp%2Fv2%2Ftags&post=10487"}],"curies":[{"name":"wp","href":"https:\/\/api.w.org\/{rel}","templated":true}]}}