{"id":10519,"date":"2023-07-06T20:56:37","date_gmt":"2023-07-06T18:56:37","guid":{"rendered":"https:\/\/www.sitercl.com\/News\/?p=10519"},"modified":"2023-07-06T20:56:37","modified_gmt":"2023-07-06T18:56:37","slug":"tony-vairelles-peine-reduite-en-appel","status":"publish","type":"post","link":"https:\/\/www.sitercl.com\/News\/?p=10519","title":{"rendered":"Tony Vairelles : peine r\u00e9duite en appel"},"content":{"rendered":"<div class=\"wp-block-image\">\n<figure class=\"alignright size-large\"><img decoding=\"async\" src=\"https:\/\/www.sitercl.com\/Fichejo\/V\/vairellt.gif\" alt=\"\"\/><\/figure>\n<\/div>\n\n\n<p>L&rsquo;International et ancien joueur lensois <a href=\"https:\/\/www.sitercl.com\/Fichejo\/V\/vairellt.htm\">Tony Vairelles<\/a> a vu sa peine r\u00e9duite lors de son proc\u00e8s en appel dans l&rsquo;affaire des tirs sur trois vigiles d&rsquo;une bo\u00eete de nuit \u00e0 Essey-l\u00e8s-Nancy (Meurthe-et-Moselle) en octobre 2011.<br>En effet, condamn\u00e9 en <a href=\"https:\/\/www.sitercl.com\/News\/?p=7741\">premi\u00e8re instance<\/a> \u00e0 trois ans ferme plus deux ann\u00e9es de sursis, il a \u00e9t\u00e9 cette fois sanctionn\u00e9 de 18 mois ferme plus 18 mois de sursis. Une r\u00e9duction qui lui permet \u00e9galement d&rsquo;envisager un am\u00e9nagement de peine lui \u00e9vitant probablement de retourner en prison (il avait effectu\u00e9 5 mois de d\u00e9tention provisoire).<\/p>\n","protected":false},"excerpt":{"rendered":"<p>L&rsquo;International et ancien joueur lensois Tony Vairelles a vu sa peine r\u00e9duite lors de son proc\u00e8s en appel dans l&rsquo;affaire des tirs sur trois vigiles d&rsquo;une bo\u00eete de nuit \u00e0 Essey-l\u00e8s-Nancy (Meurthe-et-Moselle) en octobre 2011.En effet, condamn\u00e9 en premi\u00e8re instance \u00e0 trois ans ferme plus deux ann\u00e9es de sursis, il a \u00e9t\u00e9 cette fois sanctionn\u00e9 &hellip; <a href=\"https:\/\/www.sitercl.com\/News\/?p=10519\" class=\"more-link\">Continuer la lecture<span class=\"screen-reader-text\"> de &laquo;&nbsp;Tony Vairelles : peine r\u00e9duite en appel&nbsp;&raquo;<\/span><\/a><\/p>\n","protected":false},"author":2,"featured_media":0,"comment_status":"closed","ping_status":"open","sticky":false,"template":"","format":"standard","meta":{"footnotes":""},"categories":[2],"tags":[77,15,276],"class_list":["post-10519","post","type-post","status-publish","format-standard","hentry","category-infos","tag-ancien","tag-justice","tag-vairelles"],"_links":{"self":[{"href":"https:\/\/www.sitercl.com\/News\/index.php?rest_route=\/wp\/v2\/posts\/10519","targetHints":{"allow":["GET"]}}],"collection":[{"href":"https:\/\/www.sitercl.com\/News\/index.php?rest_route=\/wp\/v2\/posts"}],"about":[{"href":"https:\/\/www.sitercl.com\/News\/index.php?rest_route=\/wp\/v2\/types\/post"}],"author":[{"embeddable":true,"href":"https:\/\/www.sitercl.com\/News\/index.php?rest_route=\/wp\/v2\/users\/2"}],"replies":[{"embeddable":true,"href":"https:\/\/www.sitercl.com\/News\/index.php?rest_route=%2Fwp%2Fv2%2Fcomments&post=10519"}],"version-history":[{"count":1,"href":"https:\/\/www.sitercl.com\/News\/index.php?rest_route=\/wp\/v2\/posts\/10519\/revisions"}],"predecessor-version":[{"id":10520,"href":"https:\/\/www.sitercl.com\/News\/index.php?rest_route=\/wp\/v2\/posts\/10519\/revisions\/10520"}],"wp:attachment":[{"href":"https:\/\/www.sitercl.com\/News\/index.php?rest_route=%2Fwp%2Fv2%2Fmedia&parent=10519"}],"wp:term":[{"taxonomy":"category","embeddable":true,"href":"https:\/\/www.sitercl.com\/News\/index.php?rest_route=%2Fwp%2Fv2%2Fcategories&post=10519"},{"taxonomy":"post_tag","embeddable":true,"href":"https:\/\/www.sitercl.com\/News\/index.php?rest_route=%2Fwp%2Fv2%2Ftags&post=10519"}],"curies":[{"name":"wp","href":"https:\/\/api.w.org\/{rel}","templated":true}]}}