{"id":10823,"date":"2023-08-25T21:46:34","date_gmt":"2023-08-25T19:46:34","guid":{"rendered":"https:\/\/www.sitercl.com\/News\/?p=10823"},"modified":"2023-08-25T21:46:35","modified_gmt":"2023-08-25T19:46:35","slug":"deces-de-kalman-gerencseri","status":"publish","type":"post","link":"https:\/\/www.sitercl.com\/News\/?p=10823","title":{"rendered":"D\u00e9c\u00e8s de Kalman GERENCSERI"},"content":{"rendered":"<div class=\"wp-block-image\">\n<figure class=\"alignright size-large\"><img decoding=\"async\" src=\"https:\/\/www.sitercl.com\/Fichejo\/G\/gerencsk.gif\" alt=\"\"\/><\/figure>\n<\/div>\n\n\n<p><em>La Voix Du Nord<\/em> nous a malheureusement appris le d\u00e9c\u00e8s d&rsquo;un ancien joueur du RC Lens. Il s&rsquo;agit de <a href=\"https:\/\/www.sitercl.com\/Fichejo\/G\/gerencsk.htm\" data-type=\"link\" data-id=\"https:\/\/www.sitercl.com\/Fichejo\/G\/gerencsk.htm\">Kalman GERENCSERI<\/a> \u00e0 l&rsquo;\u00e2ge de 78 ans. Il a la particularit\u00e9 d&rsquo;\u00eatre le plus jeune joueur \u00e0 \u00eatre entr\u00e9 sur un terrain de Ligue 1. C&rsquo;\u00e9tait le\u00a021 ao\u00fbt 1960 avec le RC Lens face \u00e0 l&rsquo;AS Monaco \u00e0 l&rsquo;\u00e2ge de 15 ans, 7 mois et 12 jours&#8230;<\/p>\n","protected":false},"excerpt":{"rendered":"<p>La Voix Du Nord nous a malheureusement appris le d\u00e9c\u00e8s d&rsquo;un ancien joueur du RC Lens. Il s&rsquo;agit de Kalman GERENCSERI \u00e0 l&rsquo;\u00e2ge de 78 ans. Il a la particularit\u00e9 d&rsquo;\u00eatre le plus jeune joueur \u00e0 \u00eatre entr\u00e9 sur un terrain de Ligue 1. C&rsquo;\u00e9tait le\u00a021 ao\u00fbt 1960 avec le RC Lens face \u00e0 l&rsquo;AS &hellip; <a href=\"https:\/\/www.sitercl.com\/News\/?p=10823\" class=\"more-link\">Continuer la lecture<span class=\"screen-reader-text\"> de &laquo;&nbsp;D\u00e9c\u00e8s de Kalman GERENCSERI&nbsp;&raquo;<\/span><\/a><\/p>\n","protected":false},"author":2,"featured_media":0,"comment_status":"closed","ping_status":"open","sticky":false,"template":"","format":"standard","meta":{"footnotes":""},"categories":[2],"tags":[77,249,614],"class_list":["post-10823","post","type-post","status-publish","format-standard","hentry","category-infos","tag-ancien","tag-deces","tag-kalman"],"_links":{"self":[{"href":"https:\/\/www.sitercl.com\/News\/index.php?rest_route=\/wp\/v2\/posts\/10823","targetHints":{"allow":["GET"]}}],"collection":[{"href":"https:\/\/www.sitercl.com\/News\/index.php?rest_route=\/wp\/v2\/posts"}],"about":[{"href":"https:\/\/www.sitercl.com\/News\/index.php?rest_route=\/wp\/v2\/types\/post"}],"author":[{"embeddable":true,"href":"https:\/\/www.sitercl.com\/News\/index.php?rest_route=\/wp\/v2\/users\/2"}],"replies":[{"embeddable":true,"href":"https:\/\/www.sitercl.com\/News\/index.php?rest_route=%2Fwp%2Fv2%2Fcomments&post=10823"}],"version-history":[{"count":1,"href":"https:\/\/www.sitercl.com\/News\/index.php?rest_route=\/wp\/v2\/posts\/10823\/revisions"}],"predecessor-version":[{"id":10824,"href":"https:\/\/www.sitercl.com\/News\/index.php?rest_route=\/wp\/v2\/posts\/10823\/revisions\/10824"}],"wp:attachment":[{"href":"https:\/\/www.sitercl.com\/News\/index.php?rest_route=%2Fwp%2Fv2%2Fmedia&parent=10823"}],"wp:term":[{"taxonomy":"category","embeddable":true,"href":"https:\/\/www.sitercl.com\/News\/index.php?rest_route=%2Fwp%2Fv2%2Fcategories&post=10823"},{"taxonomy":"post_tag","embeddable":true,"href":"https:\/\/www.sitercl.com\/News\/index.php?rest_route=%2Fwp%2Fv2%2Ftags&post=10823"}],"curies":[{"name":"wp","href":"https:\/\/api.w.org\/{rel}","templated":true}]}}