{"id":10851,"date":"2023-08-29T11:47:54","date_gmt":"2023-08-29T09:47:54","guid":{"rendered":"https:\/\/www.sitercl.com\/News\/?p=10851"},"modified":"2023-08-30T15:18:42","modified_gmt":"2023-08-30T13:18:42","slug":"mamadou-camara-en-pret-a-nancy","status":"publish","type":"post","link":"https:\/\/www.sitercl.com\/News\/?p=10851","title":{"rendered":"Mamadou Camara en pr\u00eat \u00e0 Nancy ?"},"content":{"rendered":"<div class=\"wp-block-image\">\n<figure class=\"alignright size-large\"><img decoding=\"async\" src=\"https:\/\/www.sitercl.com\/Fichejo\/C\/camarama.gif\" alt=\"\"\/><\/figure>\n<\/div>\n\n\n<p>Le jeune milieu de terrain s\u00e9n\u00e9galais,\u00a0<a href=\"https:\/\/www.sitercl.com\/Fichejo\/C\/camarama.htm\" data-type=\"link\" data-id=\"https:\/\/www.sitercl.com\/Fichejo\/C\/camarama.htm\">Mamadou Camara<\/a> (20 ans) devrait rejoindre la Lorraine. Il serait en effet pr\u00eat\u00e9 sans option d&rsquo;achat par les Sang et Or jusqu\u2019\u00e0 la fin de la saison \u00e0 l&rsquo;AS Nancy Lorraine.<\/p>\n\n\n\n<p>D\u00e9j\u00e0 pr\u00eat\u00e9 en d\u00e9but de saison derni\u00e8re \u00e0 Bastia en Ligue 2, il devrait cette fois en National avoir un peu plus de temps de jeu que ses six matches de championnat (+2 en Coupe de France) effectu\u00e9es avec le club corse.<\/p>\n\n\n\n<p><em>P.S. L&rsquo;officialisation de son pr\u00eat a \u00e9t\u00e9 effectu\u00e9e par le RC Lens le 30\/08\/2023&#8230;<\/em><\/p>\n","protected":false},"excerpt":{"rendered":"<p>Le jeune milieu de terrain s\u00e9n\u00e9galais,\u00a0Mamadou Camara (20 ans) devrait rejoindre la Lorraine. Il serait en effet pr\u00eat\u00e9 sans option d&rsquo;achat par les Sang et Or jusqu\u2019\u00e0 la fin de la saison \u00e0 l&rsquo;AS Nancy Lorraine. D\u00e9j\u00e0 pr\u00eat\u00e9 en d\u00e9but de saison derni\u00e8re \u00e0 Bastia en Ligue 2, il devrait cette fois en National avoir &hellip; <a href=\"https:\/\/www.sitercl.com\/News\/?p=10851\" class=\"more-link\">Continuer la lecture<span class=\"screen-reader-text\"> de &laquo;&nbsp;Mamadou Camara en pr\u00eat \u00e0 Nancy ?&nbsp;&raquo;<\/span><\/a><\/p>\n","protected":false},"author":2,"featured_media":0,"comment_status":"closed","ping_status":"open","sticky":false,"template":"","format":"standard","meta":{"footnotes":""},"categories":[2],"tags":[423,64,70,198],"class_list":["post-10851","post","type-post","status-publish","format-standard","hentry","category-infos","tag-camara","tag-mercato","tag-nancy","tag-pret"],"_links":{"self":[{"href":"https:\/\/www.sitercl.com\/News\/index.php?rest_route=\/wp\/v2\/posts\/10851","targetHints":{"allow":["GET"]}}],"collection":[{"href":"https:\/\/www.sitercl.com\/News\/index.php?rest_route=\/wp\/v2\/posts"}],"about":[{"href":"https:\/\/www.sitercl.com\/News\/index.php?rest_route=\/wp\/v2\/types\/post"}],"author":[{"embeddable":true,"href":"https:\/\/www.sitercl.com\/News\/index.php?rest_route=\/wp\/v2\/users\/2"}],"replies":[{"embeddable":true,"href":"https:\/\/www.sitercl.com\/News\/index.php?rest_route=%2Fwp%2Fv2%2Fcomments&post=10851"}],"version-history":[{"count":4,"href":"https:\/\/www.sitercl.com\/News\/index.php?rest_route=\/wp\/v2\/posts\/10851\/revisions"}],"predecessor-version":[{"id":10860,"href":"https:\/\/www.sitercl.com\/News\/index.php?rest_route=\/wp\/v2\/posts\/10851\/revisions\/10860"}],"wp:attachment":[{"href":"https:\/\/www.sitercl.com\/News\/index.php?rest_route=%2Fwp%2Fv2%2Fmedia&parent=10851"}],"wp:term":[{"taxonomy":"category","embeddable":true,"href":"https:\/\/www.sitercl.com\/News\/index.php?rest_route=%2Fwp%2Fv2%2Fcategories&post=10851"},{"taxonomy":"post_tag","embeddable":true,"href":"https:\/\/www.sitercl.com\/News\/index.php?rest_route=%2Fwp%2Fv2%2Ftags&post=10851"}],"curies":[{"name":"wp","href":"https:\/\/api.w.org\/{rel}","templated":true}]}}