{"id":10861,"date":"2023-08-30T15:34:36","date_gmt":"2023-08-30T13:34:36","guid":{"rendered":"https:\/\/www.sitercl.com\/News\/?p=10861"},"modified":"2023-09-01T22:53:07","modified_gmt":"2023-09-01T20:53:07","slug":"accord-trouve-avec-ruben-aguilar","status":"publish","type":"post","link":"https:\/\/www.sitercl.com\/News\/?p=10861","title":{"rendered":"Accord trouv\u00e9 avec Ruben Aguilar ?"},"content":{"rendered":"<div class=\"wp-block-image\">\n<figure class=\"alignright size-full\"><img loading=\"lazy\" decoding=\"async\" width=\"180\" height=\"150\" src=\"https:\/\/www.sitercl.com\/News\/wp-content\/uploads\/2018\/12\/transfer.jpg\" alt=\"\" class=\"wp-image-374\"\/><\/figure>\n<\/div>\n\n\n<p>Le lat\u00e9ral de l&rsquo;AS Monaco, Ruben Aguilar, s\u2019appr\u00eaterait \u00e0 signer avec le RC Lens qui s\u2019activait depuis ce week-end pour trouver un piston droit apr\u00e8s la blessure de Przemyslaw Frankowski (g\u00eane aux adducteurs) \u00e0 Paris plut\u00f4t qu\u2019un piston gauche. <em>La Voix Du Nord<\/em> indique qu&rsquo;un accord aurait \u00e9t\u00e9 trouv\u00e9 mercredi en d\u00e9but d\u2019apr\u00e8s-midi autour de 3,5 M\u20ac. L&rsquo;exp\u00e9riment\u00e9 lat\u00e9ral droit de 30 ans (une s\u00e9lection en \u00e9quipe de France) devrait signer avec Lens un contrat de trois ans. On attend bien s\u00fbr maintenant l&rsquo;officialisation du club avant la fin du mercato et apr\u00e8s la traditionnelle visite m\u00e9dicale.<\/p>\n","protected":false},"excerpt":{"rendered":"<p>Le lat\u00e9ral de l&rsquo;AS Monaco, Ruben Aguilar, s\u2019appr\u00eaterait \u00e0 signer avec le RC Lens qui s\u2019activait depuis ce week-end pour trouver un piston droit apr\u00e8s la blessure de Przemyslaw Frankowski (g\u00eane aux adducteurs) \u00e0 Paris plut\u00f4t qu\u2019un piston gauche. La Voix Du Nord indique qu&rsquo;un accord aurait \u00e9t\u00e9 trouv\u00e9 mercredi en d\u00e9but d\u2019apr\u00e8s-midi autour de &hellip; <a href=\"https:\/\/www.sitercl.com\/News\/?p=10861\" class=\"more-link\">Continuer la lecture<span class=\"screen-reader-text\"> de &laquo;&nbsp;Accord trouv\u00e9 avec Ruben Aguilar ?&nbsp;&raquo;<\/span><\/a><\/p>\n","protected":false},"author":2,"featured_media":0,"comment_status":"closed","ping_status":"open","sticky":false,"template":"","format":"standard","meta":{"footnotes":""},"categories":[2],"tags":[616,151,64,222],"class_list":["post-10861","post","type-post","status-publish","format-standard","hentry","category-infos","tag-aguilar","tag-ligue-1","tag-mercato","tag-monaco"],"_links":{"self":[{"href":"https:\/\/www.sitercl.com\/News\/index.php?rest_route=\/wp\/v2\/posts\/10861","targetHints":{"allow":["GET"]}}],"collection":[{"href":"https:\/\/www.sitercl.com\/News\/index.php?rest_route=\/wp\/v2\/posts"}],"about":[{"href":"https:\/\/www.sitercl.com\/News\/index.php?rest_route=\/wp\/v2\/types\/post"}],"author":[{"embeddable":true,"href":"https:\/\/www.sitercl.com\/News\/index.php?rest_route=\/wp\/v2\/users\/2"}],"replies":[{"embeddable":true,"href":"https:\/\/www.sitercl.com\/News\/index.php?rest_route=%2Fwp%2Fv2%2Fcomments&post=10861"}],"version-history":[{"count":3,"href":"https:\/\/www.sitercl.com\/News\/index.php?rest_route=\/wp\/v2\/posts\/10861\/revisions"}],"predecessor-version":[{"id":10929,"href":"https:\/\/www.sitercl.com\/News\/index.php?rest_route=\/wp\/v2\/posts\/10861\/revisions\/10929"}],"wp:attachment":[{"href":"https:\/\/www.sitercl.com\/News\/index.php?rest_route=%2Fwp%2Fv2%2Fmedia&parent=10861"}],"wp:term":[{"taxonomy":"category","embeddable":true,"href":"https:\/\/www.sitercl.com\/News\/index.php?rest_route=%2Fwp%2Fv2%2Fcategories&post=10861"},{"taxonomy":"post_tag","embeddable":true,"href":"https:\/\/www.sitercl.com\/News\/index.php?rest_route=%2Fwp%2Fv2%2Ftags&post=10861"}],"curies":[{"name":"wp","href":"https:\/\/api.w.org\/{rel}","templated":true}]}}