{"id":10886,"date":"2023-08-31T16:32:38","date_gmt":"2023-08-31T14:32:38","guid":{"rendered":"https:\/\/www.sitercl.com\/News\/?p=10886"},"modified":"2023-08-31T16:32:38","modified_gmt":"2023-08-31T14:32:38","slug":"frankowski-absent-face-a-monaco","status":"publish","type":"post","link":"https:\/\/www.sitercl.com\/News\/?p=10886","title":{"rendered":"Frankowski\u00a0absent face \u00e0 Monaco"},"content":{"rendered":"<div class=\"wp-block-image\">\n<figure class=\"alignright size-thumbnail\"><img loading=\"lazy\" decoding=\"async\" width=\"150\" height=\"150\" src=\"https:\/\/www.sitercl.com\/News\/wp-content\/uploads\/2018\/12\/infirmerie-150x150.jpg\" alt=\"\" class=\"wp-image-214\"\/><\/figure>\n<\/div>\n\n\n<p>Il fallait s&rsquo;en douter suite \u00e0 sa sortie \u00e0 la mi-temps de la rencontre PSG &#8211; Lens samedi dernier, Przemyslaw Frankowski\u00a0ne sera pas du voyage pour Monaco de ce samedi.\u00a0En effet, le joueur a ressenti une l\u00e9sion \u00e0 l\u2019adducteur et patientera au moins jusqu&rsquo;au retour de la tr\u00eave internationale. Cons\u00e9quence, il sera donc aussi absent avec sa s\u00e9lection, la Pologne.<\/p>\n\n\n\n<p>Bonne nouvelle par contre pour Salis Abdul Samed lui aussi sorti  lors de la pause au Parc des Princes. Son coup \u00e0 la cheville n&rsquo;\u00e9tait pas si grave, il a pu reprendre l&rsquo;entra\u00eenement. Wesley Sa\u00efd, qui a repris l\u2019entra\u00eenement cette semaine, postule \u00e9galement \u00e0 une place dans le groupe.<\/p>\n\n\n\n<p>Quelques incertitudes par contre pour\u00a0Deiver Machado\u00a0(cheville) et\u00a0Andy Diouf\u00a0(adducteur), les joueurs et le staff prendront la d\u00e9cision au dernier moment.<\/p>\n","protected":false},"excerpt":{"rendered":"<p>Il fallait s&rsquo;en douter suite \u00e0 sa sortie \u00e0 la mi-temps de la rencontre PSG &#8211; Lens samedi dernier, Przemyslaw Frankowski\u00a0ne sera pas du voyage pour Monaco de ce samedi.\u00a0En effet, le joueur a ressenti une l\u00e9sion \u00e0 l\u2019adducteur et patientera au moins jusqu&rsquo;au retour de la tr\u00eave internationale. Cons\u00e9quence, il sera donc aussi absent &hellip; <a href=\"https:\/\/www.sitercl.com\/News\/?p=10886\" class=\"more-link\">Continuer la lecture<span class=\"screen-reader-text\"> de &laquo;&nbsp;Frankowski\u00a0absent face \u00e0 Monaco&nbsp;&raquo;<\/span><\/a><\/p>\n","protected":false},"author":2,"featured_media":0,"comment_status":"closed","ping_status":"open","sticky":false,"template":"","format":"standard","meta":{"footnotes":""},"categories":[2],"tags":[537,458,151,222,437],"class_list":["post-10886","post","type-post","status-publish","format-standard","hentry","category-infos","tag-abdul-samed","tag-frankowski","tag-ligue-1","tag-monaco","tag-said"],"_links":{"self":[{"href":"https:\/\/www.sitercl.com\/News\/index.php?rest_route=\/wp\/v2\/posts\/10886","targetHints":{"allow":["GET"]}}],"collection":[{"href":"https:\/\/www.sitercl.com\/News\/index.php?rest_route=\/wp\/v2\/posts"}],"about":[{"href":"https:\/\/www.sitercl.com\/News\/index.php?rest_route=\/wp\/v2\/types\/post"}],"author":[{"embeddable":true,"href":"https:\/\/www.sitercl.com\/News\/index.php?rest_route=\/wp\/v2\/users\/2"}],"replies":[{"embeddable":true,"href":"https:\/\/www.sitercl.com\/News\/index.php?rest_route=%2Fwp%2Fv2%2Fcomments&post=10886"}],"version-history":[{"count":1,"href":"https:\/\/www.sitercl.com\/News\/index.php?rest_route=\/wp\/v2\/posts\/10886\/revisions"}],"predecessor-version":[{"id":10887,"href":"https:\/\/www.sitercl.com\/News\/index.php?rest_route=\/wp\/v2\/posts\/10886\/revisions\/10887"}],"wp:attachment":[{"href":"https:\/\/www.sitercl.com\/News\/index.php?rest_route=%2Fwp%2Fv2%2Fmedia&parent=10886"}],"wp:term":[{"taxonomy":"category","embeddable":true,"href":"https:\/\/www.sitercl.com\/News\/index.php?rest_route=%2Fwp%2Fv2%2Fcategories&post=10886"},{"taxonomy":"post_tag","embeddable":true,"href":"https:\/\/www.sitercl.com\/News\/index.php?rest_route=%2Fwp%2Fv2%2Ftags&post=10886"}],"curies":[{"name":"wp","href":"https:\/\/api.w.org\/{rel}","templated":true}]}}