{"id":10889,"date":"2023-08-31T17:05:01","date_gmt":"2023-08-31T15:05:01","guid":{"rendered":"https:\/\/www.sitercl.com\/News\/?p=10889"},"modified":"2023-08-31T17:13:24","modified_gmt":"2023-08-31T15:13:24","slug":"brice-samba-convoque-chez-les-bleus","status":"publish","type":"post","link":"https:\/\/www.sitercl.com\/News\/?p=10889","title":{"rendered":"Brice Samba convoqu\u00e9 chez les Bleus"},"content":{"rendered":"<div class=\"wp-block-image\">\n<figure class=\"alignright size-large\"><img decoding=\"async\" src=\"https:\/\/www.sitercl.com\/Fichejo\/S\/sambabri.gif\" alt=\"\"\/><\/figure>\n<\/div>\n\n\n<p>On s&rsquo;en doutait mais le s\u00e9lectionneur de l\u2019\u00e9quipe de France, Didier Deschamps, a r\u00e9it\u00e9r\u00e9 sa confiance au gardien des Sang et Or ce jeudi lors de la pr\u00e9sentation de la liste des 23 Bleus retenus pour les matches contre l\u2019Irlande, le 7 septembre, en \u00e9liminatoires de l\u2019Euro 2024, et contre l\u2019Allemagne cinq jours plus tard en amical. En effet, Brice Samba fait bien parti des trois gardiens convoqu\u00e9s. On y retrouve aussi Alphonse Areola (West Ham) qui est lui aussi pass\u00e9 par l&rsquo;Artois durant sa carri\u00e8re&#8230;<\/p>\n\n\n\n<p><strong>La liste des 23 Bleus <\/strong>:<\/p>\n\n\n\n<p><em>Gardiens <\/em>: Mike Maignan (AC Milan), Alphonse Areola (West Ham), <strong>Brice Samba<\/strong> (RC Lens)<\/p>\n\n\n\n<p><em>D\u00e9fenseurs <\/em>: Axel Disasi (Chelsea), Lucas Hernandez (Paris Saint-Germain), Theo Hernandez (AC Milan), Ibrahima Konat\u00e9 (Liverpool), Jules Kound\u00e9 (FC Barcelone), Benjamin Pavard (Inter Milan), William Saliba (Arsenal), Dayot Upamecano (Bayern)<\/p>\n\n\n\n<p><em>Milieux <\/em>: Eduardo Camavinga (Real Madrid), Youssouf Fofana (AS Monaco), Boubacar Kamara (Aston Villa), Adrien Rabiot (Juventus), Aur\u00e9lien Tchouam\u00e9ni (Real Madrid)<\/p>\n\n\n\n<p><em>Attaquants <\/em>: Kingsley Coman (Bayern), Ousmane Demb\u00e9l\u00e9 (Paris Saint-Germain), Kylian Mbapp\u00e9 (Paris Saint-Germain), Olivier Giroud (AC Milan), Antoine Griezmann (Atl\u00e9tico de Madrid), Randal Kolo Muani (Eintracht Francfort), Marcus Thuram (Inter Milan)<\/p>\n","protected":false},"excerpt":{"rendered":"<p>On s&rsquo;en doutait mais le s\u00e9lectionneur de l\u2019\u00e9quipe de France, Didier Deschamps, a r\u00e9it\u00e9r\u00e9 sa confiance au gardien des Sang et Or ce jeudi lors de la pr\u00e9sentation de la liste des 23 Bleus retenus pour les matches contre l\u2019Irlande, le 7 septembre, en \u00e9liminatoires de l\u2019Euro 2024, et contre l\u2019Allemagne cinq jours plus tard &hellip; <a href=\"https:\/\/www.sitercl.com\/News\/?p=10889\" class=\"more-link\">Continuer la lecture<span class=\"screen-reader-text\"> de &laquo;&nbsp;Brice Samba convoqu\u00e9 chez les Bleus&nbsp;&raquo;<\/span><\/a><\/p>\n","protected":false},"author":2,"featured_media":0,"comment_status":"closed","ping_status":"open","sticky":false,"template":"","format":"standard","meta":{"footnotes":""},"categories":[2],"tags":[77,481,238,530],"class_list":["post-10889","post","type-post","status-publish","format-standard","hentry","category-infos","tag-ancien","tag-areola","tag-bleus","tag-samba"],"_links":{"self":[{"href":"https:\/\/www.sitercl.com\/News\/index.php?rest_route=\/wp\/v2\/posts\/10889","targetHints":{"allow":["GET"]}}],"collection":[{"href":"https:\/\/www.sitercl.com\/News\/index.php?rest_route=\/wp\/v2\/posts"}],"about":[{"href":"https:\/\/www.sitercl.com\/News\/index.php?rest_route=\/wp\/v2\/types\/post"}],"author":[{"embeddable":true,"href":"https:\/\/www.sitercl.com\/News\/index.php?rest_route=\/wp\/v2\/users\/2"}],"replies":[{"embeddable":true,"href":"https:\/\/www.sitercl.com\/News\/index.php?rest_route=%2Fwp%2Fv2%2Fcomments&post=10889"}],"version-history":[{"count":2,"href":"https:\/\/www.sitercl.com\/News\/index.php?rest_route=\/wp\/v2\/posts\/10889\/revisions"}],"predecessor-version":[{"id":10893,"href":"https:\/\/www.sitercl.com\/News\/index.php?rest_route=\/wp\/v2\/posts\/10889\/revisions\/10893"}],"wp:attachment":[{"href":"https:\/\/www.sitercl.com\/News\/index.php?rest_route=%2Fwp%2Fv2%2Fmedia&parent=10889"}],"wp:term":[{"taxonomy":"category","embeddable":true,"href":"https:\/\/www.sitercl.com\/News\/index.php?rest_route=%2Fwp%2Fv2%2Fcategories&post=10889"},{"taxonomy":"post_tag","embeddable":true,"href":"https:\/\/www.sitercl.com\/News\/index.php?rest_route=%2Fwp%2Fv2%2Ftags&post=10889"}],"curies":[{"name":"wp","href":"https:\/\/api.w.org\/{rel}","templated":true}]}}