{"id":10891,"date":"2023-08-31T17:12:41","date_gmt":"2023-08-31T15:12:41","guid":{"rendered":"https:\/\/www.sitercl.com\/News\/?p=10891"},"modified":"2023-08-31T17:12:41","modified_gmt":"2023-08-31T15:12:41","slug":"deux-lensois-chez-les-espoirs-francais","status":"publish","type":"post","link":"https:\/\/www.sitercl.com\/News\/?p=10891","title":{"rendered":"Deux lensois chez les Espoirs Fran\u00e7ais"},"content":{"rendered":"<div class=\"wp-block-image\">\n<figure class=\"alignright size-large\"><img decoding=\"async\" src=\"https:\/\/www.sitercl.com\/STADE0\/STADE1\/STADE2\/ST20ILmf.gif\" alt=\"\"\/><\/figure>\n<\/div>\n\n\n<p>Si Brice Samba <a href=\"https:\/\/www.sitercl.com\/News\/?post_type=post&amp;p=10889\" data-type=\"link\" data-id=\"https:\/\/www.sitercl.com\/News\/?post_type=post&amp;p=10889\">est convoqu\u00e9<\/a> chez les Bleus, deux autres lensois sont eux convoqu\u00e9s chez les Bleuets version Therry Henry&#8230;<br>Ainsi Andy Diouf et Elye Wahi\u00a0sont pr\u00e9sents dans la liste des 23 Espoirs Fran\u00e7ais\u00a0convoqu\u00e9s pour les matches de septembre face au Danemark et \u00e0 la Slov\u00e9nie.<br>On peut \u00e9galement noter le nom de Kalimuendo chez les attaquants qui est bien s\u00fbr pass\u00e9 par le RC Lens.<\/p>\n\n\n\n<p><strong>La liste des 23 Bleuets<\/strong> :<\/p>\n\n\n\n<p><em>Gardiens <\/em>: Lucas Lavall\u00e9e (USL Dunkerque, Ligue 2 BKT), Guillaume Restes (Toulouse FC), Robin Risser (Dijon FCO, N)<\/p>\n\n\n\n<p><em>D\u00e9fenseurs <\/em>: Thierno Bald\u00e9 (ESTAC Troyes, Ligue 2 BKT), Jeanu\u00ebl Belocian (Stade Rennais), Maxime Est\u00e8ve (Montpellier H\u00e9rault SC), Malo Gusto (Chelsea, ANG), Tanguy Kouassi (S\u00e9ville FC, ESP), Castello Lukeba (RB Leipzig, ALL), Chrislain Matsima (AS Monaco), Quentin Merlin (FC Nantes)<\/p>\n\n\n\n<p><em>Milieux<\/em> : Lucien Agoum\u00e9 (Inter Milan, ITA), Maghnes Akliouche (AS Monaco), Habib Diarra (RC Strasbourg Alsace), <strong>Andy Diouf <\/strong>(RC Lens), Lesley Ugochukwu (Chelsea, ANG), Warren Za\u00efre-Emery (Paris Saint-Germain)<\/p>\n\n\n\n<p><em>Attaquants <\/em>: Bradley Barcola (Olympique Lyonnais), Rayan Cherki (Olympique Lyonnais), Arnaud Kalimuendo (Stade Rennais), Sekou Mara (Southampton, ANG), Wilson Odobert (Burnley, ANG), <strong>Elye Wahi<\/strong> (RC Lens)<\/p>\n","protected":false},"excerpt":{"rendered":"<p>Si Brice Samba est convoqu\u00e9 chez les Bleus, deux autres lensois sont eux convoqu\u00e9s chez les Bleuets version Therry Henry&#8230;Ainsi Andy Diouf et Elye Wahi\u00a0sont pr\u00e9sents dans la liste des 23 Espoirs Fran\u00e7ais\u00a0convoqu\u00e9s pour les matches de septembre face au Danemark et \u00e0 la Slov\u00e9nie.On peut \u00e9galement noter le nom de Kalimuendo chez les attaquants &hellip; <a href=\"https:\/\/www.sitercl.com\/News\/?p=10891\" class=\"more-link\">Continuer la lecture<span class=\"screen-reader-text\"> de &laquo;&nbsp;Deux lensois chez les Espoirs Fran\u00e7ais&nbsp;&raquo;<\/span><\/a><\/p>\n","protected":false},"author":2,"featured_media":0,"comment_status":"closed","ping_status":"open","sticky":false,"template":"","format":"standard","meta":{"footnotes":""},"categories":[2],"tags":[77,617,598,389,613],"class_list":["post-10891","post","type-post","status-publish","format-standard","hentry","category-infos","tag-ancien","tag-bleuets","tag-diouf-a","tag-kalimuendo","tag-wahi"],"_links":{"self":[{"href":"https:\/\/www.sitercl.com\/News\/index.php?rest_route=\/wp\/v2\/posts\/10891","targetHints":{"allow":["GET"]}}],"collection":[{"href":"https:\/\/www.sitercl.com\/News\/index.php?rest_route=\/wp\/v2\/posts"}],"about":[{"href":"https:\/\/www.sitercl.com\/News\/index.php?rest_route=\/wp\/v2\/types\/post"}],"author":[{"embeddable":true,"href":"https:\/\/www.sitercl.com\/News\/index.php?rest_route=\/wp\/v2\/users\/2"}],"replies":[{"embeddable":true,"href":"https:\/\/www.sitercl.com\/News\/index.php?rest_route=%2Fwp%2Fv2%2Fcomments&post=10891"}],"version-history":[{"count":1,"href":"https:\/\/www.sitercl.com\/News\/index.php?rest_route=\/wp\/v2\/posts\/10891\/revisions"}],"predecessor-version":[{"id":10892,"href":"https:\/\/www.sitercl.com\/News\/index.php?rest_route=\/wp\/v2\/posts\/10891\/revisions\/10892"}],"wp:attachment":[{"href":"https:\/\/www.sitercl.com\/News\/index.php?rest_route=%2Fwp%2Fv2%2Fmedia&parent=10891"}],"wp:term":[{"taxonomy":"category","embeddable":true,"href":"https:\/\/www.sitercl.com\/News\/index.php?rest_route=%2Fwp%2Fv2%2Fcategories&post=10891"},{"taxonomy":"post_tag","embeddable":true,"href":"https:\/\/www.sitercl.com\/News\/index.php?rest_route=%2Fwp%2Fv2%2Ftags&post=10891"}],"curies":[{"name":"wp","href":"https:\/\/api.w.org\/{rel}","templated":true}]}}