{"id":10923,"date":"2023-09-02T23:11:56","date_gmt":"2023-09-02T21:11:56","guid":{"rendered":"https:\/\/www.sitercl.com\/News\/?p=10923"},"modified":"2023-09-04T21:07:39","modified_gmt":"2023-09-04T19:07:39","slug":"revue-du-web-asm-rcl","status":"publish","type":"post","link":"https:\/\/www.sitercl.com\/News\/?p=10923","title":{"rendered":"Revue du Web ASM &#8211; RCL"},"content":{"rendered":"<div class=\"wp-block-image\">\n<figure class=\"alignright size-full\"><img loading=\"lazy\" decoding=\"async\" width=\"150\" height=\"106\" src=\"https:\/\/www.sitercl.com\/News\/wp-content\/uploads\/2019\/01\/clavball.png\" alt=\"\" class=\"wp-image-587\"\/><\/figure>\n<\/div>\n\n\n<p>Retrouvez une s\u00e9lection d&rsquo;articles du Web sur la rencontre de la 4e journ\u00e9e de Ligue 1 Uber Eats saison2023\/2024 entre l&rsquo;AS Monaco et le RC Lens (3-0)&#8230;<br><br><b>www.lavoixdunord.fr<\/b> :<br>-04\/09\/2023 <a href=\"https:\/\/www.lavoixdunord.fr\/1368788\/article\/2023-09-04\/rc-lens-attention-vraie-zone-de-turbulence\" target=\"_blank\" rel=\"noopener\">RC Lens : attention, vraie zone de turbulence<\/a><br>-02\/09\/2023 <a href=\"https:\/\/www.lavoixdunord.fr\/1368507\/article\/2023-09-02\/monaco-lens-pour-les-sang-et-or-la-fete-est-vraiment-finie\" target=\"_blank\" rel=\"noopener\">Monaco &#8211; Lens : pour les Sang et Or, la f\u00eate est vraiment finie<\/a><br>-02\/09\/2023 <a href=\"https:\/\/www.lavoixdunord.fr\/1368509\/article\/2023-09-02\/rc-lens-ca-manque-de-flamme-juge-franck-haise\" target=\"_blank\" rel=\"noopener\">RC Lens : \u00ab \u00c7a manque de flamme \u00bb, juge Franck Haise<\/a><br><br><b>www.lequipe.fr<\/b> :<br>-02\/09\/2023 <a href=\"https:\/\/www.lequipe.fr\/Football\/Actualites\/Encore-tres-offensif-monaco-enfonce-lens\/1417594\" target=\"_blank\" rel=\"noopener\">Encore tr\u00e8s offensif, Monaco enfonce Lens<\/a><br><br><b>www.maxifoot.fr<\/b> :<br>-02\/09\/2023 <a href=\"https:\/\/www.maxifoot.fr\/football\/article-55289.htm\" target=\"_blank\" rel=\"noopener\">Monaco fait plonger Lens &#8211; D\u00e9brief et NOTES des joueurs (ASM 3-0 RCL)<\/a><br>-02\/09\/2023 <a href=\"https:\/\/news.maxifoot.fr\/lens\/said-veut-retrouver-de-la-cohesion-foot-397040.htm\" target=\"_blank\" rel=\"noopener\">Lens : Sa\u00efd veut retrouver de la coh\u00e9sion<\/a><br>-02\/09\/2023 <a href=\"https:\/\/news.maxifoot.fr\/lens\/fulgini-ne-cede-pas-a-la-panique-foot-397043.htm\" target=\"_blank\" rel=\"noopener\">Lens : Fulgini ne c\u00e8de pas \u00e0 la panique<\/a><br><br><b>www.sofoot.com<\/b> :<br>-02\/09\/2023 <a href=\"https:\/\/www.sofoot.com\/articles\/monaco-impose-sa-loi-a-lens\" target=\"_blank\" rel=\"noopener\">Lens se fait rouler dessus \u00e0 Monaco &#8211; Ligue 1 &#8211; J4 &#8211; Monaco-Lens (3-0)<\/a><br><br><b>www.eurosport.fr<\/b> :<br>-02\/09\/2023 <a href=\"https:\/\/www.eurosport.fr\/football\/ligue-1\/2023-2024\/ligue-1-4e-journee-l-as-monaco-enfonce-lens-avec-la-maniere_sto9777740\/story.shtml\" target=\"_blank\" rel=\"noopener\">Ligue 1 &#8211; 4e journ\u00e9e : L&rsquo;AS Monaco enfonce Lens avec la mani\u00e8re<\/a><br><br><b>www.footmercato.net<\/b> :<br>-02\/09\/2023 <a href=\"https:\/\/www.footmercato.net\/a7545346930608752857-ligue-1-las-monaco-surclasse-le-rc-lens-et-reprend-son-trone-de-leader-provisoire\" target=\"_blank\" rel=\"noopener\">Ligue 1 : l\u2019AS Monaco surclasse le RC Lens et reprend son tr\u00f4ne de leader provisoire<\/a><\/p>\n\n\n<div class=\"wp-block-image\">\n<figure class=\"aligncenter size-full\"><img loading=\"lazy\" decoding=\"async\" width=\"173\" height=\"2\" src=\"https:\/\/www.sitercl.com\/News\/wp-content\/uploads\/2022\/03\/NAVIsep3.gif\" alt=\"\" class=\"wp-image-7319\"\/><\/figure>\n<\/div>\n\n\n<p><strong><em>Avant match&#8230;<\/em><\/strong><br><br><b>www.lavoixdunord.fr<\/b> :<br>-02\/09\/2023 <a href=\"https:\/\/www.lavoixdunord.fr\/1368112\/article\/2023-09-02\/rc-lens-qu-est-ce-qui-bloque\" target=\"_blank\" rel=\"noopener\">Monaco &#8211; Lens : qu\u2019est-ce qui bloque chez les Sang et Or ?<\/a><br>-31\/08\/2023 <a href=\"https:\/\/www.lavoixdunord.fr\/1367488\/article\/2023-08-31\/rc-lens-une-bonne-nouvelle-une-mauvaise-et-quelques-incertitudes-avant-d-aller\" target=\"_blank\" rel=\"noopener\">RC Lens : deux bonnes nouvelles, une mauvaise &#8230; et quelques incertitudes avant Monaco<\/a><br><br><b>www.lequipe.fr<\/b> :<br>-31\/08\/2023 <a href=\"https:\/\/www.lequipe.fr\/Football\/Actualites\/Franck-haise-entraineur-de-lens-on-n-a-pas-completement-tourne-la-page-de-la-saison-derniere\/1416938\" target=\"_blank\" rel=\"noopener\">Franck Haise (entra\u00eeneur de Lens) : \u00ab On n&rsquo;a pas compl\u00e8tement tourn\u00e9 la page de la saison derni\u00e8re \u00bb<\/a><br><br><b>sports.orange.fr<\/b> :<br>-02\/09\/2023 <a href=\"https:\/\/sports.orange.fr\/football\/ligue-1\/avant-match\/l1-j4-tout-savoir-sur-monaco-lens-CNT0000026WPzN.html\" target=\"_blank\" rel=\"noopener\">L1 (J4) : Tout savoir sur Monaco &#8211; Lens<\/a><br>-31\/08\/2023 <a href=\"https:\/\/sports.orange.fr\/football\/ligue-1\/lens\/article\/rc-lens-les-artesiens-moins-fringuants-avant-le-match-contre-monaco-CNT0000026UdzE.html\" target=\"_blank\" rel=\"noopener\">RC Lens : Les Art\u00e9siens moins fringuants avant le match contre Monaco<\/a><br><br><b>www.eurosport.fr<\/b> :<br>-02\/09\/2023 <a href=\"https:\/\/www.eurosport.fr\/football\/ligue-1\/2023-2024\/ligue-1-debut-de-saison-loupe-faut-il-etre-inquiet-pour-lens-avant-le-choc-contre-monaco_sto9773359\/story.shtml\" target=\"_blank\" rel=\"noopener\">Ligue 1 &#8211; D\u00e9but de saison manqu\u00e9 : faut-il \u00eatre inquiet pour Lens avant le choc contre Monaco ?<\/a><br><br><b>www.onzemondial.com<\/b> :<br>-31\/08\/2023 <a href=\"https:\/\/www.onzemondial.com\/ligue-1\/rc-lens-franck-haise-demande-aux-lensois-de-se-reveiller-avant-monaco-847860\" target=\"_blank\" rel=\"noopener\">RC Lens : Franck Haise demande aux Lensois de se r\u00e9veiller avant Monaco<\/a><br><br><b>www.leprogres.fr<\/b> :<br>-02\/09\/2023 <a href=\"https:\/\/www.leprogres.fr\/sport\/2023\/09\/02\/ligue-1-contre-lens-monaco-compte-sur-son-attaque-de-feu\" target=\"_blank\" rel=\"noopener\">Football. Ligue 1 : contre Lens, Monaco compte sur son attaque de feu<\/a><br><br><b>www.nicematin.com<\/b> :<br>-31\/08\/2023 <a href=\"https:\/\/www.nicematin.com\/football\/les-mots-du-coach-adi-hutter-avant-le-choc-entre-las-monaco-et-le-rc-lens-869918\" target=\"_blank\" rel=\"noopener\">Les mots du coach Adi H\u00fctter avant le choc entre l&rsquo;AS Monaco et le RC Lens<\/a><br><br><b>rmcsport.bfmtv.com<\/b> :<br>-31\/08\/2023 <a href=\"https:\/\/rmcsport.bfmtv.com\/football\/ligue-1\/lens-les-supporters-interdits-de-sejour-a-nice-avant-le-match-a-monaco_AV-202308310152.html\" target=\"_blank\" rel=\"noopener\">Lens: les supporters interdits de s\u00e9jour \u00e0 Nice avant le match&#8230; \u00e0 Monaco<\/a><\/p>\n","protected":false},"excerpt":{"rendered":"<p>Retrouvez une s\u00e9lection d&rsquo;articles du Web sur la rencontre de la 4e journ\u00e9e de Ligue 1 Uber Eats saison2023\/2024 entre l&rsquo;AS Monaco et le RC Lens (3-0)&#8230; www.lavoixdunord.fr :-04\/09\/2023 RC Lens : attention, vraie zone de turbulence-02\/09\/2023 Monaco &#8211; Lens : pour les Sang et Or, la f\u00eate est vraiment finie-02\/09\/2023 RC Lens : \u00ab &hellip; <a href=\"https:\/\/www.sitercl.com\/News\/?p=10923\" class=\"more-link\">Continuer la lecture<span class=\"screen-reader-text\"> de &laquo;&nbsp;Revue du Web ASM &#8211; RCL&nbsp;&raquo;<\/span><\/a><\/p>\n","protected":false},"author":2,"featured_media":0,"comment_status":"closed","ping_status":"open","sticky":false,"template":"","format":"standard","meta":{"footnotes":""},"categories":[6],"tags":[13,151,222],"class_list":["post-10923","post","type-post","status-publish","format-standard","hentry","category-revue-du-web","tag-internet","tag-ligue-1","tag-monaco"],"_links":{"self":[{"href":"https:\/\/www.sitercl.com\/News\/index.php?rest_route=\/wp\/v2\/posts\/10923","targetHints":{"allow":["GET"]}}],"collection":[{"href":"https:\/\/www.sitercl.com\/News\/index.php?rest_route=\/wp\/v2\/posts"}],"about":[{"href":"https:\/\/www.sitercl.com\/News\/index.php?rest_route=\/wp\/v2\/types\/post"}],"author":[{"embeddable":true,"href":"https:\/\/www.sitercl.com\/News\/index.php?rest_route=\/wp\/v2\/users\/2"}],"replies":[{"embeddable":true,"href":"https:\/\/www.sitercl.com\/News\/index.php?rest_route=%2Fwp%2Fv2%2Fcomments&post=10923"}],"version-history":[{"count":12,"href":"https:\/\/www.sitercl.com\/News\/index.php?rest_route=\/wp\/v2\/posts\/10923\/revisions"}],"predecessor-version":[{"id":10972,"href":"https:\/\/www.sitercl.com\/News\/index.php?rest_route=\/wp\/v2\/posts\/10923\/revisions\/10972"}],"wp:attachment":[{"href":"https:\/\/www.sitercl.com\/News\/index.php?rest_route=%2Fwp%2Fv2%2Fmedia&parent=10923"}],"wp:term":[{"taxonomy":"category","embeddable":true,"href":"https:\/\/www.sitercl.com\/News\/index.php?rest_route=%2Fwp%2Fv2%2Fcategories&post=10923"},{"taxonomy":"post_tag","embeddable":true,"href":"https:\/\/www.sitercl.com\/News\/index.php?rest_route=%2Fwp%2Fv2%2Ftags&post=10923"}],"curies":[{"name":"wp","href":"https:\/\/api.w.org\/{rel}","templated":true}]}}