{"id":10943,"date":"2023-09-02T18:16:12","date_gmt":"2023-09-02T16:16:12","guid":{"rendered":"https:\/\/www.sitercl.com\/News\/?p=10943"},"modified":"2023-09-02T18:16:12","modified_gmt":"2023-09-02T16:16:12","slug":"lens-metz-le-samedi","status":"publish","type":"post","link":"https:\/\/www.sitercl.com\/News\/?p=10943","title":{"rendered":"Lens &#8211; Metz le samedi"},"content":{"rendered":"<div class=\"wp-block-image\">\n<figure class=\"alignright size-large\"><img decoding=\"async\" src=\"https:\/\/www.sitercl.com\/Clubs\/France\/metzfc.gif\" alt=\"\"\/><\/figure>\n<\/div>\n\n\n<p>On conna\u00eet enfin la programmation TV de la 5e journ\u00e9e de Ligue 1 Uber Eats. La rencontre Lens &#8211; Metz comptant pour cette journ\u00e9e de championnat se jouera le samedi<strong>\u00a0<\/strong>16 septembre 2023 \u00e0 partir de 21h00 et sera diffus\u00e9e en direct sur Canal+ Sport 360 et sur Canal + Foot.<\/p>\n\n\n\n<p><strong>Le programme de la 5e journ\u00e9e de L1<\/strong> :<\/p>\n\n\n\n<p><em>Vendredi 15\u00a0septembre 2023 \u00e0 21h00 sur Prime Video<\/em><br>Paris Saint-Germain \u2013 OGC Nice<\/p>\n\n\n\n<p><em>Samedi 16 septembre 2023 \u00e0 17h00 sur Prime Video<\/em><br>Stade Rennais FC \u2013 LOSC Lille<\/p>\n\n\n\n<p><em>Samedi 16 septembre 2023 \u00e0 21h00 sur Canal+ Sport 360 et sur Canal + Foot<\/em><br><strong>RC Lens \u2013 FC Metz<\/strong><\/p>\n\n\n\n<p><em>Dimanche 17 septembre 2023 \u00e0 13h00 sur Prime Video<\/em><br>FC Lorient \u2013 AS Monaco<\/p>\n\n\n\n<p><em>Dimanche 17 septembre 2023 \u00e0 15h00 sur Prime Video<\/em><br>Clermont Foot 63 \u2013 FC Nantes<br>Stade de Reims \u2013 Stade Brestois 29<br>RC Strasbourg Alsace \u2013 Montpellier H\u00e9rault SC<br><br><em>Dimanche 17 septembre 2023 \u00e0 17h05 sur Canal+ Foot<\/em><br>Olympique de Marseille \u2013 Toulouse FC<\/p>\n\n\n\n<p><em>Dimanche 17 septembre 2023 \u00e0 20h45 sur Prime Video<\/em><br>Olympique Lyonnais \u2013 Havre AC<\/p>\n","protected":false},"excerpt":{"rendered":"<p>On conna\u00eet enfin la programmation TV de la 5e journ\u00e9e de Ligue 1 Uber Eats. La rencontre Lens &#8211; Metz comptant pour cette journ\u00e9e de championnat se jouera le samedi\u00a016 septembre 2023 \u00e0 partir de 21h00 et sera diffus\u00e9e en direct sur Canal+ Sport 360 et sur Canal + Foot. Le programme de la 5e &hellip; <a href=\"https:\/\/www.sitercl.com\/News\/?p=10943\" class=\"more-link\">Continuer la lecture<span class=\"screen-reader-text\"> de &laquo;&nbsp;Lens &#8211; Metz le samedi&nbsp;&raquo;<\/span><\/a><\/p>\n","protected":false},"author":2,"featured_media":0,"comment_status":"closed","ping_status":"open","sticky":false,"template":"","format":"standard","meta":{"footnotes":""},"categories":[2],"tags":[367,151,42,17,38],"class_list":["post-10943","post","type-post","status-publish","format-standard","hentry","category-infos","tag-canal","tag-ligue-1","tag-metz","tag-programme","tag-tv"],"_links":{"self":[{"href":"https:\/\/www.sitercl.com\/News\/index.php?rest_route=\/wp\/v2\/posts\/10943","targetHints":{"allow":["GET"]}}],"collection":[{"href":"https:\/\/www.sitercl.com\/News\/index.php?rest_route=\/wp\/v2\/posts"}],"about":[{"href":"https:\/\/www.sitercl.com\/News\/index.php?rest_route=\/wp\/v2\/types\/post"}],"author":[{"embeddable":true,"href":"https:\/\/www.sitercl.com\/News\/index.php?rest_route=\/wp\/v2\/users\/2"}],"replies":[{"embeddable":true,"href":"https:\/\/www.sitercl.com\/News\/index.php?rest_route=%2Fwp%2Fv2%2Fcomments&post=10943"}],"version-history":[{"count":1,"href":"https:\/\/www.sitercl.com\/News\/index.php?rest_route=\/wp\/v2\/posts\/10943\/revisions"}],"predecessor-version":[{"id":10944,"href":"https:\/\/www.sitercl.com\/News\/index.php?rest_route=\/wp\/v2\/posts\/10943\/revisions\/10944"}],"wp:attachment":[{"href":"https:\/\/www.sitercl.com\/News\/index.php?rest_route=%2Fwp%2Fv2%2Fmedia&parent=10943"}],"wp:term":[{"taxonomy":"category","embeddable":true,"href":"https:\/\/www.sitercl.com\/News\/index.php?rest_route=%2Fwp%2Fv2%2Fcategories&post=10943"},{"taxonomy":"post_tag","embeddable":true,"href":"https:\/\/www.sitercl.com\/News\/index.php?rest_route=%2Fwp%2Fv2%2Ftags&post=10943"}],"curies":[{"name":"wp","href":"https:\/\/api.w.org\/{rel}","templated":true}]}}