{"id":10973,"date":"2023-09-05T19:45:50","date_gmt":"2023-09-05T17:45:50","guid":{"rendered":"https:\/\/www.sitercl.com\/News\/?p=10973"},"modified":"2023-09-05T19:46:32","modified_gmt":"2023-09-05T17:46:32","slug":"village-de-lemploi-a-bollaert","status":"publish","type":"post","link":"https:\/\/www.sitercl.com\/News\/?p=10973","title":{"rendered":"Village de l&#8217;emploi \u00e0 Bollaert"},"content":{"rendered":"<div class=\"wp-block-image\">\n<figure class=\"aligncenter size-full\"><img loading=\"lazy\" decoding=\"async\" width=\"574\" height=\"338\" src=\"https:\/\/www.sitercl.com\/News\/wp-content\/uploads\/2021\/12\/RCoeurL.jpg\" alt=\"\" class=\"wp-image-6566\" srcset=\"https:\/\/www.sitercl.com\/News\/wp-content\/uploads\/2021\/12\/RCoeurL.jpg 574w, https:\/\/www.sitercl.com\/News\/wp-content\/uploads\/2021\/12\/RCoeurL-300x177.jpg 300w\" sizes=\"auto, (max-width: 574px) 85vw, 574px\" \/><\/figure>\n<\/div>\n\n\n<p><\/p>\n\n\n\n<p>Le\u00a0stade Bollaert-Delelis de Lens\u00a0va accueillir un\u00a0grand village de l\u2019emploi\u00a0ce dimanche 10 septembre 2023 (de 10h \u00e0 15h). Plus de\u00a0200 postes seront \u00e0 pourvoir\u00a0!<\/p>\n\n\n\n<p>\u00c0 l\u2019occasion de cet \u00e9v\u00e9nement, le <a href=\"https:\/\/www.sitercl.com\/News\/?p=6555\" data-type=\"link\" data-id=\"https:\/\/www.sitercl.com\/News\/?p=6555\">Racing C\u0153ur de Lens<\/a> organise \u00e9galement le&nbsp;Racing Cross de Lens. Cette premi\u00e8re \u00e9dition permettra de suivre un parcours de 6,2 km (nombre bien s\u00fbr oh combien symbolique) au d\u00e9part du centre technique et sportif de La Gaillette jusqu\u2019au stade Bollaert-Delelis. La course n\u2019est pas chronom\u00e9tr\u00e9e. Le prix de l\u2019inscription obligatoire est de 6 euros.&nbsp;Premier d\u00e9part \u00e0 10h, puis toutes les 15 minutes. Le dernier d\u00e9part \u00e9tant fix\u00e9 \u00e0 11h45.<\/p>\n\n\n\n<p>Cependant, il n\u2019est pas obligatoire de participer \u00e0 la course pour acc\u00e9der au village de l\u2019emploi o\u00f9&nbsp;35 entreprises seront pr\u00e9sentes. Pour les inscriptions \u00e0 la course et\/ou village de l&#8217;emploi, cela se passe sur la <a href=\"https:\/\/billetterie.rclens.fr\/fr\/racing-cross-de-lens\" data-type=\"link\" data-id=\"https:\/\/billetterie.rclens.fr\/fr\/racing-cross-de-lens\" target=\"_blank\" rel=\"noreferrer noopener\">billetterie en ligne<\/a> du RCL.<\/p>\n","protected":false},"excerpt":{"rendered":"<p>Le\u00a0stade Bollaert-Delelis de Lens\u00a0va accueillir un\u00a0grand village de l\u2019emploi\u00a0ce dimanche 10 septembre 2023 (de 10h \u00e0 15h). Plus de\u00a0200 postes seront \u00e0 pourvoir\u00a0! \u00c0 l\u2019occasion de cet \u00e9v\u00e9nement, le Racing C\u0153ur de Lens organise \u00e9galement le&nbsp;Racing Cross de Lens. Cette premi\u00e8re \u00e9dition permettra de suivre un parcours de 6,2 km (nombre bien s\u00fbr oh combien &hellip; <a href=\"https:\/\/www.sitercl.com\/News\/?p=10973\" class=\"more-link\">Continuer la lecture<span class=\"screen-reader-text\"> de &laquo;&nbsp;Village de l&#8217;emploi \u00e0 Bollaert&nbsp;&raquo;<\/span><\/a><\/p>\n","protected":false},"author":2,"featured_media":0,"comment_status":"closed","ping_status":"open","sticky":false,"template":"","format":"standard","meta":{"footnotes":""},"categories":[4,2],"tags":[54,491],"class_list":["post-10973","post","type-post","status-publish","format-standard","hentry","category-divers","category-infos","tag-bollaert","tag-fondation"],"_links":{"self":[{"href":"https:\/\/www.sitercl.com\/News\/index.php?rest_route=\/wp\/v2\/posts\/10973","targetHints":{"allow":["GET"]}}],"collection":[{"href":"https:\/\/www.sitercl.com\/News\/index.php?rest_route=\/wp\/v2\/posts"}],"about":[{"href":"https:\/\/www.sitercl.com\/News\/index.php?rest_route=\/wp\/v2\/types\/post"}],"author":[{"embeddable":true,"href":"https:\/\/www.sitercl.com\/News\/index.php?rest_route=\/wp\/v2\/users\/2"}],"replies":[{"embeddable":true,"href":"https:\/\/www.sitercl.com\/News\/index.php?rest_route=%2Fwp%2Fv2%2Fcomments&post=10973"}],"version-history":[{"count":3,"href":"https:\/\/www.sitercl.com\/News\/index.php?rest_route=\/wp\/v2\/posts\/10973\/revisions"}],"predecessor-version":[{"id":10976,"href":"https:\/\/www.sitercl.com\/News\/index.php?rest_route=\/wp\/v2\/posts\/10973\/revisions\/10976"}],"wp:attachment":[{"href":"https:\/\/www.sitercl.com\/News\/index.php?rest_route=%2Fwp%2Fv2%2Fmedia&parent=10973"}],"wp:term":[{"taxonomy":"category","embeddable":true,"href":"https:\/\/www.sitercl.com\/News\/index.php?rest_route=%2Fwp%2Fv2%2Fcategories&post=10973"},{"taxonomy":"post_tag","embeddable":true,"href":"https:\/\/www.sitercl.com\/News\/index.php?rest_route=%2Fwp%2Fv2%2Ftags&post=10973"}],"curies":[{"name":"wp","href":"https:\/\/api.w.org\/{rel}","templated":true}]}}