{"id":11410,"date":"2023-10-30T19:38:07","date_gmt":"2023-10-30T18:38:07","guid":{"rendered":"https:\/\/www.sitercl.com\/News\/?p=11410"},"modified":"2023-10-30T19:40:09","modified_gmt":"2023-10-30T18:40:09","slug":"il-reste-des-places","status":"publish","type":"post","link":"https:\/\/www.sitercl.com\/News\/?p=11410","title":{"rendered":"Il reste des places&#8230;"},"content":{"rendered":"<div class=\"wp-block-image\">\n<figure class=\"alignright size-large is-resized\"><img decoding=\"async\" src=\"https:\/\/www.sitercl.com\/STADE0\/STADE1\/ST17vuci.JPG\" alt=\"\" style=\"width:250px\"\/><\/figure>\n<\/div>\n\n\n<p>Mardi soir (31\/10) \u00e0 partir de 19h30, le stade Bollaert-Delelis ouvrira ses portes au \u00ab\u00a0Match des L\u00e9gendes\u00a0\u00bb. D\u2019un c\u00f4t\u00e9\u00a0: Eric Sikora, Guillaume Warmuz, Daniel Moreira ou encore Yoann Lachor\u2026 De l\u2019autre\u00a0: Zin\u00e9dine Zidane, Didier Deschamps, Fabien Barthez, S\u00e9bastien Chabal and co&#8230; Des l\u00e9gendes du sport r\u00e9unies pour un seul et m\u00eame objectif\u00a0: soutenir\u00a0<a rel=\"noreferrer noopener\" href=\"http:\/\/www.assopascalolmeta.com\/\" target=\"_blank\">l\u2019association \u00ab Un sourire, un espoir pour la vie\u00a0\u00bb<\/a>, pour laquelle une partie des recettes du match sera revers\u00e9e.<br>Si vous voulez assister \u00e0 cette rencontre, il reste encore des places sur la\u00a0<a rel=\"noreferrer noopener\" href=\"https:\/\/billetterie.rclens.fr\/fr\/product\/333\/stade_bollaert_delelis_\/match_des_legendes\" target=\"_blank\">billetterie en ligne du RC Lens<\/a>.<\/p>\n","protected":false},"excerpt":{"rendered":"<p>Mardi soir (31\/10) \u00e0 partir de 19h30, le stade Bollaert-Delelis ouvrira ses portes au \u00ab\u00a0Match des L\u00e9gendes\u00a0\u00bb. D\u2019un c\u00f4t\u00e9\u00a0: Eric Sikora, Guillaume Warmuz, Daniel Moreira ou encore Yoann Lachor\u2026 De l\u2019autre\u00a0: Zin\u00e9dine Zidane, Didier Deschamps, Fabien Barthez, S\u00e9bastien Chabal and co&#8230; Des l\u00e9gendes du sport r\u00e9unies pour un seul et m\u00eame objectif\u00a0: soutenir\u00a0l\u2019association \u00ab Un &hellip; <a href=\"https:\/\/www.sitercl.com\/News\/?p=11410\" class=\"more-link\">Continuer la lecture<span class=\"screen-reader-text\"> de &laquo;&nbsp;Il reste des places&#8230;&nbsp;&raquo;<\/span><\/a><\/p>\n","protected":false},"author":2,"featured_media":0,"comment_status":"closed","ping_status":"open","sticky":false,"template":"","format":"standard","meta":{"footnotes":""},"categories":[2],"tags":[77,54,116],"class_list":["post-11410","post","type-post","status-publish","format-standard","hentry","category-infos","tag-ancien","tag-bollaert","tag-solidarite"],"_links":{"self":[{"href":"https:\/\/www.sitercl.com\/News\/index.php?rest_route=\/wp\/v2\/posts\/11410","targetHints":{"allow":["GET"]}}],"collection":[{"href":"https:\/\/www.sitercl.com\/News\/index.php?rest_route=\/wp\/v2\/posts"}],"about":[{"href":"https:\/\/www.sitercl.com\/News\/index.php?rest_route=\/wp\/v2\/types\/post"}],"author":[{"embeddable":true,"href":"https:\/\/www.sitercl.com\/News\/index.php?rest_route=\/wp\/v2\/users\/2"}],"replies":[{"embeddable":true,"href":"https:\/\/www.sitercl.com\/News\/index.php?rest_route=%2Fwp%2Fv2%2Fcomments&post=11410"}],"version-history":[{"count":2,"href":"https:\/\/www.sitercl.com\/News\/index.php?rest_route=\/wp\/v2\/posts\/11410\/revisions"}],"predecessor-version":[{"id":11412,"href":"https:\/\/www.sitercl.com\/News\/index.php?rest_route=\/wp\/v2\/posts\/11410\/revisions\/11412"}],"wp:attachment":[{"href":"https:\/\/www.sitercl.com\/News\/index.php?rest_route=%2Fwp%2Fv2%2Fmedia&parent=11410"}],"wp:term":[{"taxonomy":"category","embeddable":true,"href":"https:\/\/www.sitercl.com\/News\/index.php?rest_route=%2Fwp%2Fv2%2Fcategories&post=11410"},{"taxonomy":"post_tag","embeddable":true,"href":"https:\/\/www.sitercl.com\/News\/index.php?rest_route=%2Fwp%2Fv2%2Ftags&post=11410"}],"curies":[{"name":"wp","href":"https:\/\/api.w.org\/{rel}","templated":true}]}}