{"id":11413,"date":"2023-11-01T19:01:21","date_gmt":"2023-11-01T18:01:21","guid":{"rendered":"https:\/\/www.sitercl.com\/News\/?p=11413"},"modified":"2023-11-01T19:01:21","modified_gmt":"2023-11-01T18:01:21","slug":"larbitre-de-lorient-lens-2","status":"publish","type":"post","link":"https:\/\/www.sitercl.com\/News\/?p=11413","title":{"rendered":"L&rsquo;arbitre de Lorient &#8211; Lens"},"content":{"rendered":"<div class=\"wp-block-image\">\n<figure class=\"alignright size-full\"><img loading=\"lazy\" decoding=\"async\" width=\"130\" height=\"130\" src=\"https:\/\/www.sitercl.com\/News\/wp-content\/uploads\/2018\/12\/sifflet.jpg\" alt=\"\" class=\"wp-image-270\"\/><\/figure>\n<\/div>\n\n\n<p>Les arbitres qui officieront lors de la 11e journ\u00e9e de Ligue 1 Uber Eats ont \u00e9t\u00e9 d\u00e9voil\u00e9s par la LFP. C&rsquo;est M. Bastien DECHEPY (37 ans) qui a \u00e9t\u00e9 d\u00e9sign\u00e9 comme arbitre principal de la rencontre de ce samedi (17h) entre le FC Lorient et le RC Lens.<\/p>\n\n\n\n<p>Il sera assist\u00e9 dans sa t\u00e2che sur les lignes de touche par Brice PARINET LE TELLIER et Julien HAULBERT. Le 4e arbitre sera Jordane LOMI. Les arbitres assistants vid\u00e9o seront Dominique JULIEN et Cyril GRINGORE.<\/p>\n\n\n\n<p>Depuis le d\u00e9but de la saison, il a offici\u00e9 lors de 4 matches de L1 o\u00f9 il a distribu\u00e9 \u00ab\u00a0seulement\u00a0\u00bb 7 cartons jaune dont cinq lors du match Nice &#8211; OL. Aucun par contre lors de PSG &#8211; Lorient (0-0) de la premi\u00e8re journ\u00e9e de la saison.<br>Pour des rencontres avec les Sang et Or, il faut remonter \u00e0 la saison pass\u00e9e avec deux matches de L1 :<br>&#8211; 28e journ\u00e9e de L1, Lens &#8211; Angers : <a href=\"https:\/\/www.sitercl.com\/Matches\/2022-23\/Champion\/Domicile\/angerssc.htm\" data-type=\"link\" data-id=\"https:\/\/www.sitercl.com\/Matches\/2022-23\/Champion\/Domicile\/angerssc.htm\">3-0<\/a><br>&#8211; 33e journ\u00e9e de L1, Toulouse &#8211; Lens : <a href=\"https:\/\/www.sitercl.com\/Matches\/2022-23\/Champion\/Ext\/touloufc.htm\" data-type=\"link\" data-id=\"https:\/\/www.sitercl.com\/Matches\/2022-23\/Champion\/Ext\/touloufc.htm\">0-1<\/a><\/p>\n","protected":false},"excerpt":{"rendered":"<p>Les arbitres qui officieront lors de la 11e journ\u00e9e de Ligue 1 Uber Eats ont \u00e9t\u00e9 d\u00e9voil\u00e9s par la LFP. C&rsquo;est M. Bastien DECHEPY (37 ans) qui a \u00e9t\u00e9 d\u00e9sign\u00e9 comme arbitre principal de la rencontre de ce samedi (17h) entre le FC Lorient et le RC Lens. Il sera assist\u00e9 dans sa t\u00e2che sur &hellip; <a href=\"https:\/\/www.sitercl.com\/News\/?p=11413\" class=\"more-link\">Continuer la lecture<span class=\"screen-reader-text\"> de &laquo;&nbsp;L&rsquo;arbitre de Lorient &#8211; Lens&nbsp;&raquo;<\/span><\/a><\/p>\n","protected":false},"author":2,"featured_media":0,"comment_status":"closed","ping_status":"open","sticky":false,"template":"","format":"standard","meta":{"footnotes":""},"categories":[2],"tags":[53,151,40],"class_list":["post-11413","post","type-post","status-publish","format-standard","hentry","category-infos","tag-arbitre","tag-ligue-1","tag-lorient"],"_links":{"self":[{"href":"https:\/\/www.sitercl.com\/News\/index.php?rest_route=\/wp\/v2\/posts\/11413","targetHints":{"allow":["GET"]}}],"collection":[{"href":"https:\/\/www.sitercl.com\/News\/index.php?rest_route=\/wp\/v2\/posts"}],"about":[{"href":"https:\/\/www.sitercl.com\/News\/index.php?rest_route=\/wp\/v2\/types\/post"}],"author":[{"embeddable":true,"href":"https:\/\/www.sitercl.com\/News\/index.php?rest_route=\/wp\/v2\/users\/2"}],"replies":[{"embeddable":true,"href":"https:\/\/www.sitercl.com\/News\/index.php?rest_route=%2Fwp%2Fv2%2Fcomments&post=11413"}],"version-history":[{"count":1,"href":"https:\/\/www.sitercl.com\/News\/index.php?rest_route=\/wp\/v2\/posts\/11413\/revisions"}],"predecessor-version":[{"id":11414,"href":"https:\/\/www.sitercl.com\/News\/index.php?rest_route=\/wp\/v2\/posts\/11413\/revisions\/11414"}],"wp:attachment":[{"href":"https:\/\/www.sitercl.com\/News\/index.php?rest_route=%2Fwp%2Fv2%2Fmedia&parent=11413"}],"wp:term":[{"taxonomy":"category","embeddable":true,"href":"https:\/\/www.sitercl.com\/News\/index.php?rest_route=%2Fwp%2Fv2%2Fcategories&post=11413"},{"taxonomy":"post_tag","embeddable":true,"href":"https:\/\/www.sitercl.com\/News\/index.php?rest_route=%2Fwp%2Fv2%2Ftags&post=11413"}],"curies":[{"name":"wp","href":"https:\/\/api.w.org\/{rel}","templated":true}]}}