{"id":11417,"date":"2023-11-02T18:27:15","date_gmt":"2023-11-02T17:27:15","guid":{"rendered":"https:\/\/www.sitercl.com\/News\/?p=11417"},"modified":"2023-11-02T18:27:15","modified_gmt":"2023-11-02T17:27:15","slug":"incertitude-pour-lorient-lens","status":"publish","type":"post","link":"https:\/\/www.sitercl.com\/News\/?p=11417","title":{"rendered":"Incertitude pour Lorient &#8211; Lens ?"},"content":{"rendered":"<div class=\"wp-block-image\">\n<figure class=\"alignright size-large is-resized\"><img decoding=\"async\" src=\"https:\/\/www.sitercl.com\/Clubs\/France\/stmousto.jpg\" alt=\"\" style=\"width:200px\"\/><\/figure>\n<\/div>\n\n\n<p>Le maire de Lorient a mis un doute sur la tenue de la rencontre entre le FC Lorient et le RC Lens de ce samedi. En effet, alors que la temp\u00eate Ciaran\u00a0a bien s\u00fbr laiss\u00e9e des traces en Bretagne, une autre temp\u00eate (de moindre intensit\u00e9 toutefois) est attendue pour ce samedi. Le maire de la ville, Fabrice Loher, pr\u00e9f\u00e9rerait le report du match pas forc\u00e9ment pour la s\u00e9curit\u00e9 du match en lui m\u00eame mais \u00e0 cause des conditions de circulation pour venir jusqu&rsquo;au stade du Moustoir qui est attendu plein pour l&rsquo;occasion&#8230;<br>La d\u00e9cision de maintenir ou non la rencontre devrait \u00eatre prise ce vendredi.<\/p>\n\n\n\n<p>A noter qu&rsquo;\u00e0 l&rsquo;inverse de l&rsquo;\u00e9quipe du FC Lorient, le RC Lens a pu s&rsquo;entra\u00eener presque normalement ce jeudi gr\u00e2ce au d\u00f4me de la Gaillette. Un entra\u00eenement qui suivait un entra\u00eenement public pour la Toussaint devant environ 5 000 supporters lensois dans le stade Fran\u00e7ois Blin d&rsquo;Avion !<\/p>\n","protected":false},"excerpt":{"rendered":"<p>Le maire de Lorient a mis un doute sur la tenue de la rencontre entre le FC Lorient et le RC Lens de ce samedi. En effet, alors que la temp\u00eate Ciaran\u00a0a bien s\u00fbr laiss\u00e9e des traces en Bretagne, une autre temp\u00eate (de moindre intensit\u00e9 toutefois) est attendue pour ce samedi. Le maire de la &hellip; <a href=\"https:\/\/www.sitercl.com\/News\/?p=11417\" class=\"more-link\">Continuer la lecture<span class=\"screen-reader-text\"> de &laquo;&nbsp;Incertitude pour Lorient &#8211; Lens ?&nbsp;&raquo;<\/span><\/a><\/p>\n","protected":false},"author":2,"featured_media":0,"comment_status":"closed","ping_status":"open","sticky":false,"template":"","format":"standard","meta":{"footnotes":""},"categories":[2],"tags":[35,151,40,14],"class_list":["post-11417","post","type-post","status-publish","format-standard","hentry","category-infos","tag-entrainement","tag-ligue-1","tag-lorient","tag-supporters"],"_links":{"self":[{"href":"https:\/\/www.sitercl.com\/News\/index.php?rest_route=\/wp\/v2\/posts\/11417","targetHints":{"allow":["GET"]}}],"collection":[{"href":"https:\/\/www.sitercl.com\/News\/index.php?rest_route=\/wp\/v2\/posts"}],"about":[{"href":"https:\/\/www.sitercl.com\/News\/index.php?rest_route=\/wp\/v2\/types\/post"}],"author":[{"embeddable":true,"href":"https:\/\/www.sitercl.com\/News\/index.php?rest_route=\/wp\/v2\/users\/2"}],"replies":[{"embeddable":true,"href":"https:\/\/www.sitercl.com\/News\/index.php?rest_route=%2Fwp%2Fv2%2Fcomments&post=11417"}],"version-history":[{"count":1,"href":"https:\/\/www.sitercl.com\/News\/index.php?rest_route=\/wp\/v2\/posts\/11417\/revisions"}],"predecessor-version":[{"id":11418,"href":"https:\/\/www.sitercl.com\/News\/index.php?rest_route=\/wp\/v2\/posts\/11417\/revisions\/11418"}],"wp:attachment":[{"href":"https:\/\/www.sitercl.com\/News\/index.php?rest_route=%2Fwp%2Fv2%2Fmedia&parent=11417"}],"wp:term":[{"taxonomy":"category","embeddable":true,"href":"https:\/\/www.sitercl.com\/News\/index.php?rest_route=%2Fwp%2Fv2%2Fcategories&post=11417"},{"taxonomy":"post_tag","embeddable":true,"href":"https:\/\/www.sitercl.com\/News\/index.php?rest_route=%2Fwp%2Fv2%2Ftags&post=11417"}],"curies":[{"name":"wp","href":"https:\/\/api.w.org\/{rel}","templated":true}]}}