{"id":11459,"date":"2023-11-08T12:32:20","date_gmt":"2023-11-08T11:32:20","guid":{"rendered":"https:\/\/www.sitercl.com\/News\/?p=11459"},"modified":"2023-11-09T08:14:39","modified_gmt":"2023-11-09T07:14:39","slug":"revue-de-presse-psv-lens","status":"publish","type":"post","link":"https:\/\/www.sitercl.com\/News\/?p=11459","title":{"rendered":"Revue de presse PSV &#8211; Lens"},"content":{"rendered":"<div class=\"wp-block-image\">\n<figure class=\"alignright size-full\"><img loading=\"lazy\" decoding=\"async\" width=\"150\" height=\"106\" src=\"https:\/\/www.sitercl.com\/News\/wp-content\/uploads\/2019\/01\/clavball.png\" alt=\"\" class=\"wp-image-587\"\/><\/figure>\n<\/div>\n\n\n<p>Retrouvez une s\u00e9lection d&rsquo;articles du Web pour la rencontre de la 4e journ\u00e9e du groupe B de la Ligue des Champions saison 2023\/2024 entre le PSV Eindhoven et le RC Lens (1-0)\u2026<br><br><b>www.lavoixdunord.fr<\/b> :<br>-09\/11\/2023 <a href=\"https:\/\/www.lavoixdunord.fr\/1394421\/article\/2023-11-09\/psv-eindhoven-lens-les-lensois-ont-perdu-la-guerre-des-nerfs\" target=\"_blank\" rel=\"noopener\">PSV Eindhoven &#8211; Lens : les Lensois ont perdu la guerre des nerfs<\/a><br>-08\/11\/2023 <a href=\"https:\/\/www.lavoixdunord.fr\/1394412\/article\/2023-11-08\/danso-un-oubli-qui-coute-cher-les-notes-des-lensois-eindhoven\" target=\"_blank\" rel=\"noopener\">Danso, un oubli qui co\u00fbte cher : les notes des Lensois \u00e0 Eindhoven<\/a><br><br><b>www.lequipe.fr<\/b> :<br>-08\/11\/2023 <a href=\"https:\/\/www.lequipe.fr\/Football\/Actualites\/Ligue-des-champions-lens-tombe-a-eindhoven-mais-reste-en-course-pour-la-qualification\/1430593\" target=\"_blank\" rel=\"noopener\">Ligue des champions : Lens tombe \u00e0 Eindhoven mais reste en course pour la qualification<\/a><br>-09\/11\/2023 <a href=\"https:\/\/www.lequipe.fr\/Football\/Actualites\/Franck-haise-apres-la-defaite-de-lens-contre-le-psv-eindhoven-il-vaut-mieux-eviter-d-etre-le-petit-poucet-dans-cette-competition\/1430616\" target=\"_blank\" rel=\"noopener\">Franck Haise apr\u00e8s la d\u00e9faite de Lens contre le PSV Eindhoven : \u00ab Il vaut mieux \u00e9viter d&rsquo;\u00eatre le petit poucet dans cette comp\u00e9tition \u00bb<\/a><br><br><b>www.maxifoot.fr<\/b> :<br>-08\/11\/2023 <a href=\"https:\/\/www.maxifoot.fr\/football\/article-55934.htm\" target=\"_blank\" rel=\"noopener\">Mauvaise op\u00e9ration pour Lens&#8230; &#8211; D\u00e9brief et NOTES des joueurs (PSV 1-0 Lens)<\/a><br><br><b>www.butfootballclub.fr<\/b> :<br>-08\/11\/2023 <a href=\"https:\/\/www.butfootballclub.fr\/rc-lens\/actualite\/rc-lens-les-3-sang-et-or-ayant-plombe-le-racing-a-eindhoven-840022\" target=\"_blank\" rel=\"noopener\">RC Lens : les 3 Sang et Or ayant plomb\u00e9 le Racing face au PSV<\/a><br><br><b>www.lemonde.fr<\/b> :<br>-09\/11\/2023 <a href=\"https:\/\/www.lemonde.fr\/sport\/article\/2023\/11\/09\/ligue-des-champions-lens-abandonne-son-invincibilite-contre-un-psv-eindhoven-cette-fois-ci-superieur_6199050_3242.html\" target=\"_blank\" rel=\"noopener\">Ligue des champions : Lens abandonne son invincibilit\u00e9 contre un PSV Eindhoven cette fois-ci sup\u00e9rieur<\/a><br><br><b>www.eurosport.fr<\/b> :<br>-09\/11\/2023 <a href=\"https:\/\/www.eurosport.fr\/football\/ligue-des-champions\/2023-2024\/lens-garde-la-tete-haute-apres-sa-defaite-chez-le-psv-qui-aurait-dit-qu-on-aurait-5-points-apres-4-j_sto9875477\/story.shtml\" target=\"_blank\" rel=\"noopener\">Lens garde la t\u00eate haute apr\u00e8s sa d\u00e9faite chez le PSV : \u00ab\u00a0QUI AURAIT DIT QU&rsquo;ON AURAIT 5 POINTS APR\u00c8S 4 JOURN\u00c9ES ?\u00a0\u00bb<\/a><br><br><b>www.francetvinfo.fr<\/b> :<br>-08\/11\/2023 <a href=\"https:\/\/www.francetvinfo.fr\/sports\/foot\/ligue-des-champions\/ligue-des-champions-lens-s-incline-sur-la-pelouse-du-psv-eindhoven-avec-la-plus-petite-des-marges_6171813.html\" target=\"_blank\" rel=\"noopener\">Ligue des champions : Lens s\u2019incline sur la pelouse du PSV Eindhoven avec la plus petite des marges<\/a><br><br><b>www.footmercato.net<\/b> :<br>-08\/11\/2023 <a href=\"https:\/\/www.footmercato.net\/a649348343135017018-psv-eindhoven-rc-lens-les-notes-du-match\" target=\"_blank\" rel=\"noopener\">PSV Eindhoven &#8211; RC Lens : les notes du match<\/a><\/p>\n\n\n<div class=\"wp-block-image\">\n<figure class=\"aligncenter size-full\"><img loading=\"lazy\" decoding=\"async\" width=\"173\" height=\"2\" src=\"https:\/\/www.sitercl.com\/News\/wp-content\/uploads\/2022\/03\/NAVIsep3.gif\" alt=\"\" class=\"wp-image-7319\"\/><\/figure>\n<\/div>\n\n\n<p><strong><em>Avant match&#8230;<\/em><\/strong><br><br><b>www.lavoixdunord.fr<\/b> :<br>-08\/11\/2023 <a href=\"https:\/\/www.lavoixdunord.fr\/1394023\/article\/2023-11-08\/psv-eindhoven-lens-un-virage-serre-prendre\" target=\"_blank\" rel=\"noopener\">PSV Eindhoven &#8211; Lens : un virage serr\u00e9 \u00e0 prendre<\/a><br>-08\/11\/2023 <a href=\"https:\/\/www.lavoixdunord.fr\/1394026\/article\/2023-11-08\/psv-eindhoven-lens-adrien-thomasson-va-apprecier-l-atmosphere\" target=\"_blank\" rel=\"noopener\">PSV Eindhoven &#8211; Lens : Adrien Thomasson va appr\u00e9cier l\u2019atmosph\u00e8re<\/a><br>-07\/11\/2023 <a href=\"https:\/\/www.lavoixdunord.fr\/1394003\/article\/2023-11-07\/ligue-des-champions-le-rc-lens-au-pied-du-philips-stadion-et-d-un-d-invicibilite\" target=\"_blank\" rel=\"noopener\">Ligue des Champions : le RC Lens au pied du Philips Stadion et d\u2019un an d\u2019invincibilit\u00e9 du PSV \u00e0 domicile<\/a><br>-07\/11\/2023 <a href=\"https:\/\/www.lavoixdunord.fr\/1393997\/article\/2023-11-07\/psv-eindhoven-lens-rester-focus-dans-notre-bulle-previent-franck-haise\" target=\"_blank\" rel=\"noopener\">PSV Eindhoven \u2013 Lens : \u00ab Rester focus, dans notre bulle \u00bb, pr\u00e9vient Franck Haise<\/a><br>-07\/11\/2023 <a href=\"https:\/\/www.lavoixdunord.fr\/1393512\/article\/2023-11-07\/psv-eindhoven-lens-il-faudra-resister-aux-vagues-et-une-ambiance-de-feu\" target=\"_blank\" rel=\"noopener\">PSV Eindhoven &#8211; Lens : il faudra r\u00e9sister aux vagues et \u00e0 une ambiance de feu<\/a><br>-07\/11\/2023 <a href=\"https:\/\/www.lavoixdunord.fr\/1393500\/article\/2023-11-07\/psv-eindhoven-lens-danso-de-jong-seconde-manche-de-la-bataille-du-ciel\" target=\"_blank\" rel=\"noopener\">PSV Eindhoven &#8211; Lens : Danso &#8211; de Jong, seconde manche de la bataille du ciel<\/a><br>-08\/11\/2023 <a href=\"https:\/\/www.lavoixdunord.fr\/1394376\/article\/2023-11-08\/ligue-des-champions-dans-le-fort-d-eindhoven-y-des-lensois-qui-chantent\" target=\"_blank\" rel=\"noopener\">Ligue des champions : dans le fort d\u2019Eindhoven, y\u2019a des Lensois qui chantent<\/a><br>-06\/11\/2023 <a href=\"https:\/\/www.lavoixdunord.fr\/1393447\/article\/2023-11-06\/psv-eindhoven-lens-de-la-vigilance-mais-pas-d-inquietude-pour-les-supporters\" target=\"_blank\" rel=\"noopener\">PSV Eindhoven &#8211; Lens : de la vigilance, mais pas d\u2019inqui\u00e9tude pour les supporters<\/a><br>-07\/11\/2023 <a href=\"https:\/\/www.lavoixdunord.fr\/1393991\/article\/2023-11-07\/match-eindhoven-lens-le-prefet-interdit-les-fumigenes-dans-la-fan-zone-et-au\" target=\"_blank\" rel=\"noopener\">Match Eindhoven-Lens : le pr\u00e9fet interdit les fumig\u00e8nes dans la fan zone et au-del\u00e0<\/a><br><br><b>www.onzemondial.com<\/b> :<br>-07\/11\/2023 <a href=\"https:\/\/www.onzemondial.com\/ligue-des-champions\/lens-pour-peter-bosz-le-match-de-demain-est-ultra-important-858166\" target=\"_blank\" rel=\"noopener\">Lens : pour Peter Bosz, le match de demain est \u00ab\u00a0ultra important\u00a0\u00bb<\/a><br><br><b>www.ouest-france.fr<\/b> :<br>-07\/11\/2023 <a href=\"https:\/\/www.ouest-france.fr\/sport\/football\/ligue-des-champions\/psv-eindhoven-rc-lens-le-groupe-des-sang-et-or-avant-leur-match-de-ligue-des-champions-c03ea1a6-7d7d-11ee-9e40-5131acac1bc0\" target=\"_blank\" rel=\"noopener\">PSV Eindhoven &#8211; RC Lens. Le groupe des Sang et Or avant leur match de Ligue des champions<\/a><br><br><b>www.lequipe.fr<\/b> :<br>-08\/11\/2023 <a href=\"https:\/\/www.lequipe.fr\/Football\/Actualites\/Le-scenario-qui-qualifierait-presque-lens-en-huitiemes-de-ligue-des-champions\/1430454\" target=\"_blank\" rel=\"noopener\">Le sc\u00e9nario qui qualifierait presque Lens en huiti\u00e8mes de Ligue des champions d\u00e8s mercredi soir<\/a><br>-08\/11\/2023 <a href=\"https:\/\/www.lequipe.fr\/Football\/Actualites\/Les-supporters-lensois-mettent-l-ambiance-a-eindhoven-avant-psv-lens\/1430541\" target=\"_blank\" rel=\"noopener\">Les supporters lensois mettent l&rsquo;ambiance \u00e0 Eindhoven avant PSV-Lens<\/a><br>-08\/11\/2023 <a href=\"https:\/\/www.lequipe.fr\/Football\/Actualites\/-les-lacs-du-connemara-au-psv-le-voyage-musical-inattendu-du-rc-lens-a-eindhoven\/1430451\" target=\"_blank\" rel=\"noopener\">\u00ab Les Lacs du Connemara \u00bb au PSV, le voyage musical inattendu du RC Lens \u00e0 Eindhoven<\/a><br>-07\/11\/2023 <a href=\"https:\/\/www.lequipe.fr\/Football\/Actualites\/Lens-avec-thomasson-plutot-que-fulgini-face-au-psv-eindhoven\/1430361\" target=\"_blank\" rel=\"noopener\">Lens avec Thomasson plut\u00f4t que Fulgini face au PSV Eindhoven<\/a><br><br><b>www.lefigaro.fr<\/b> :<br>-07\/11\/2023 <a href=\"https:\/\/www.lefigaro.fr\/sports\/football\/ligue-des-champions\/ligue-des-champions-oppose-au-psv-lens-peut-faire-un-grand-pas-vers-les-huitiemes-20231107\" target=\"_blank\" rel=\"noopener\">Ligue des champions : oppos\u00e9 au PSV, Lens peut faire un grand pas vers les huiti\u00e8mes<\/a><br><br><b>www.sport.fr<\/b> :<br>-07\/11\/2023 <a href=\"https:\/\/www.sport.fr\/football\/rc-lens-fulgini-evoque-la-concurrence-aucune-jalousie-avec-thomasson-1093771.shtm\" target=\"_blank\" rel=\"noopener\">RC Lens : Fulgini \u00e9voque la concurrence, \u00ab aucune jalousie avec Thomasson \u00bb<\/a><br><br><b>www.eurosport.fr<\/b> :<br>-07\/11\/2023 <a href=\"https:\/\/www.eurosport.fr\/football\/ligue-des-champions\/2023-2024\/ligue-des-champions-psv-lens-les-lensois-peuvent-faire-un-grand-pas-vers-les-huitiemes-en-cas-de-vic_sto9874406\/story.shtml\" target=\"_blank\" rel=\"noopener\">Ligue des champions | PSV \u2013 Lens | Les Lensois peuvent faire un grand pas vers les huiti\u00e8mes en cas de victoire<\/a><br><br><b>sports.orange.fr<\/b> :<br>-08\/11\/2023 <a href=\"https:\/\/sports.orange.fr\/football\/ligue-des-champions\/article\/lens-mendy-le-senegal-m-a-redonne-de-la-confiance-CNT0000028YfeH.html\" target=\"_blank\" rel=\"noopener\">Lens \/ Mendy : \u00ab\u00a0Le S\u00e9n\u00e9gal m&rsquo;a redonn\u00e9 de la confiance\u00a0\u00bb<\/a><\/p>\n","protected":false},"excerpt":{"rendered":"<p>Retrouvez une s\u00e9lection d&rsquo;articles du Web pour la rencontre de la 4e journ\u00e9e du groupe B de la Ligue des Champions saison 2023\/2024 entre le PSV Eindhoven et le RC Lens (1-0)\u2026 www.lavoixdunord.fr :-09\/11\/2023 PSV Eindhoven &#8211; Lens : les Lensois ont perdu la guerre des nerfs-08\/11\/2023 Danso, un oubli qui co\u00fbte cher : les &hellip; <a href=\"https:\/\/www.sitercl.com\/News\/?p=11459\" class=\"more-link\">Continuer la lecture<span class=\"screen-reader-text\"> de &laquo;&nbsp;Revue de presse PSV &#8211; Lens&nbsp;&raquo;<\/span><\/a><\/p>\n","protected":false},"author":2,"featured_media":0,"comment_status":"closed","ping_status":"open","sticky":false,"template":"","format":"standard","meta":{"footnotes":""},"categories":[6],"tags":[619,13,584],"class_list":["post-11459","post","type-post","status-publish","format-standard","hentry","category-revue-du-web","tag-eindhoven","tag-internet","tag-ligue-des-champions"],"_links":{"self":[{"href":"https:\/\/www.sitercl.com\/News\/index.php?rest_route=\/wp\/v2\/posts\/11459","targetHints":{"allow":["GET"]}}],"collection":[{"href":"https:\/\/www.sitercl.com\/News\/index.php?rest_route=\/wp\/v2\/posts"}],"about":[{"href":"https:\/\/www.sitercl.com\/News\/index.php?rest_route=\/wp\/v2\/types\/post"}],"author":[{"embeddable":true,"href":"https:\/\/www.sitercl.com\/News\/index.php?rest_route=\/wp\/v2\/users\/2"}],"replies":[{"embeddable":true,"href":"https:\/\/www.sitercl.com\/News\/index.php?rest_route=%2Fwp%2Fv2%2Fcomments&post=11459"}],"version-history":[{"count":13,"href":"https:\/\/www.sitercl.com\/News\/index.php?rest_route=\/wp\/v2\/posts\/11459\/revisions"}],"predecessor-version":[{"id":11485,"href":"https:\/\/www.sitercl.com\/News\/index.php?rest_route=\/wp\/v2\/posts\/11459\/revisions\/11485"}],"wp:attachment":[{"href":"https:\/\/www.sitercl.com\/News\/index.php?rest_route=%2Fwp%2Fv2%2Fmedia&parent=11459"}],"wp:term":[{"taxonomy":"category","embeddable":true,"href":"https:\/\/www.sitercl.com\/News\/index.php?rest_route=%2Fwp%2Fv2%2Fcategories&post=11459"},{"taxonomy":"post_tag","embeddable":true,"href":"https:\/\/www.sitercl.com\/News\/index.php?rest_route=%2Fwp%2Fv2%2Ftags&post=11459"}],"curies":[{"name":"wp","href":"https:\/\/api.w.org\/{rel}","templated":true}]}}