{"id":11648,"date":"2023-12-01T20:07:09","date_gmt":"2023-12-01T19:07:09","guid":{"rendered":"https:\/\/www.sitercl.com\/News\/?p=11648"},"modified":"2023-12-02T08:16:02","modified_gmt":"2023-12-02T07:16:02","slug":"les-groupes-pour-lens-ol","status":"publish","type":"post","link":"https:\/\/www.sitercl.com\/News\/?p=11648","title":{"rendered":"Les groupes pour Lens &#8211; OL"},"content":{"rendered":"<div class=\"wp-block-image\">\n<figure class=\"alignright size-full\"><img loading=\"lazy\" decoding=\"async\" width=\"137\" height=\"150\" src=\"https:\/\/www.sitercl.com\/News\/wp-content\/uploads\/2018\/12\/grpjoueu.jpg\" alt=\"\" class=\"wp-image-248\"\/><\/figure>\n<\/div>\n\n\n<p>Voici les groupes convoqu\u00e9s pour la rencontre de la 14e journ\u00e9e de Ligue 1 Uber Eats entre le RCL et l&rsquo;OL de ce samedi (coup d&rsquo;envoi \u00e0 17h)&#8230;<\/p>\n\n\n\n<p><strong>Pour le RCL<\/strong> :<br>Leca, Samba; Aguilar, Machado, Danso, Medina, Ha\u00efdara, Gradit, Khusanov, Frankowski; Abdul Samed, Pereira Da Costa, Fulgini, Diouf, El Aynaoui, Mendy, Thomasson; Sotoca, Cort\u00e9s, Sa\u00efd, Guilavogui.<\/p>\n\n\n\n<p>Jimmy Cabot (genou) et Ayanda Sishuba\u00a0(cuisse) sont forfaits. Elye Wahi est lui suspendu pour cette rencontre et seulement celle-ci, suite \u00e0 son carton rouge \u00e0 Clermont.<br>On constate les pr\u00e9sences de Facundo Medina et\u00a0Deiver Machado pourtant incertains suite \u00e0 la rencontre face \u00e0 Arsenal.<\/p>\n\n\n\n<p><strong>Pour l&rsquo;OL<\/strong> :<br>Lopes, Bengui, Pereira; Caleta-car, Henrique, Kumbedi, Lovren, Mata, O&rsquo;Brien, Sarr, Tagliafico; Akouokou, Alvero, Caqueret, Diawara; Bald\u00e9, Cherki, Kadewere, Lacazette, Moreira, Nuamah.<\/p>\n\n\n\n<p>R\u00e9my Riou (adducteurs), Johann Lepenant (genou) et Corentin Tolisso (mollet) sont forfaits.<br>Pour son premier groupe \u00e0 la t\u00eate de l&rsquo;OL apr\u00e8s le d\u00e9part de Fabio Grosso, Pierre Sage, a aussi \u00e9cart\u00e9s certains joueurs : Jeffinho n\u2019est pas dans la liste, tout comme Diomand\u00e9 et Maitland-Niles.&nbsp;<\/p>\n\n\n\n<p><strong>Les arbitres<\/strong> :<br>L&rsquo;arbitre principal de la rencontre sera M. Cl\u00e9ment TURPIN (41 ans). Ses arbitres assistants seront Nicolas DANOS et Erwan FINJEAN. Le 4e arbitre sera Florent BATTA. Les arbitres assistants vid\u00e9o : Pierre GAILLOUSTE et Christian GUILLARD.<\/p>\n\n\n\n<p>M. Cl\u00e9ment Turpin a arbitr\u00e9 6 matches en Ligue 1 depuis le d\u00e9but de la saison o\u00f9 il a distribu\u00e9 17 cartons jaune et deux rouge. Pas de match avec les Lensois. Le dernier date de la saison pass\u00e9e, avec la rencontre Lens &#8211; Marseille (<a href=\"https:\/\/www.sitercl.com\/Matches\/2022-23\/Champion\/Domicile\/marseilo.htm\">2-1<\/a> de la 34e journ\u00e9e avec un but refus\u00e9 \u00e0 l&rsquo;OM suite \u00e0 la VAR).<br><\/p>\n","protected":false},"excerpt":{"rendered":"<p>Voici les groupes convoqu\u00e9s pour la rencontre de la 14e journ\u00e9e de Ligue 1 Uber Eats entre le RCL et l&rsquo;OL de ce samedi (coup d&rsquo;envoi \u00e0 17h)&#8230; Pour le RCL :Leca, Samba; Aguilar, Machado, Danso, Medina, Ha\u00efdara, Gradit, Khusanov, Frankowski; Abdul Samed, Pereira Da Costa, Fulgini, Diouf, El Aynaoui, Mendy, Thomasson; Sotoca, Cort\u00e9s, Sa\u00efd, &hellip; <a href=\"https:\/\/www.sitercl.com\/News\/?p=11648\" class=\"more-link\">Continuer la lecture<span class=\"screen-reader-text\"> de &laquo;&nbsp;Les groupes pour Lens &#8211; OL&nbsp;&raquo;<\/span><\/a><\/p>\n","protected":false},"author":2,"featured_media":0,"comment_status":"closed","ping_status":"open","sticky":false,"template":"","format":"standard","meta":{"footnotes":""},"categories":[2],"tags":[11,151,386],"class_list":["post-11648","post","type-post","status-publish","format-standard","hentry","category-infos","tag-groupes","tag-ligue-1","tag-lyon"],"_links":{"self":[{"href":"https:\/\/www.sitercl.com\/News\/index.php?rest_route=\/wp\/v2\/posts\/11648","targetHints":{"allow":["GET"]}}],"collection":[{"href":"https:\/\/www.sitercl.com\/News\/index.php?rest_route=\/wp\/v2\/posts"}],"about":[{"href":"https:\/\/www.sitercl.com\/News\/index.php?rest_route=\/wp\/v2\/types\/post"}],"author":[{"embeddable":true,"href":"https:\/\/www.sitercl.com\/News\/index.php?rest_route=\/wp\/v2\/users\/2"}],"replies":[{"embeddable":true,"href":"https:\/\/www.sitercl.com\/News\/index.php?rest_route=%2Fwp%2Fv2%2Fcomments&post=11648"}],"version-history":[{"count":3,"href":"https:\/\/www.sitercl.com\/News\/index.php?rest_route=\/wp\/v2\/posts\/11648\/revisions"}],"predecessor-version":[{"id":11659,"href":"https:\/\/www.sitercl.com\/News\/index.php?rest_route=\/wp\/v2\/posts\/11648\/revisions\/11659"}],"wp:attachment":[{"href":"https:\/\/www.sitercl.com\/News\/index.php?rest_route=%2Fwp%2Fv2%2Fmedia&parent=11648"}],"wp:term":[{"taxonomy":"category","embeddable":true,"href":"https:\/\/www.sitercl.com\/News\/index.php?rest_route=%2Fwp%2Fv2%2Fcategories&post=11648"},{"taxonomy":"post_tag","embeddable":true,"href":"https:\/\/www.sitercl.com\/News\/index.php?rest_route=%2Fwp%2Fv2%2Ftags&post=11648"}],"curies":[{"name":"wp","href":"https:\/\/api.w.org\/{rel}","templated":true}]}}