{"id":11676,"date":"2023-12-06T18:51:58","date_gmt":"2023-12-06T17:51:58","guid":{"rendered":"https:\/\/www.sitercl.com\/News\/?p=11676"},"modified":"2023-12-06T18:51:58","modified_gmt":"2023-12-06T17:51:58","slug":"le-programme-de-la-17e-journee","status":"publish","type":"post","link":"https:\/\/www.sitercl.com\/News\/?p=11676","title":{"rendered":"Le programme de la 17e journ\u00e9e"},"content":{"rendered":"<div class=\"wp-block-image\">\n<figure class=\"alignright size-full\"><img loading=\"lazy\" decoding=\"async\" width=\"230\" height=\"161\" src=\"https:\/\/www.sitercl.com\/News\/wp-content\/uploads\/2018\/12\/camera.gif\" alt=\"\" class=\"wp-image-241\"\/><\/figure>\n<\/div>\n\n\n<p>La 17e journ\u00e9e de Ligue 1 Uber Eats est la seule journ\u00e9e de la saison non programm\u00e9e en fin de semaine. Elle aura lieu pour l&rsquo;ensemble des matches le mercredi 20 d\u00e9cembre avec un coup d&rsquo;envoi \u00e0 21h00.<\/p>\n\n\n\n<p>La LFP a toutefois pr\u00e9cis\u00e9 le programme TV de cette journ\u00e9e et le match ente l&rsquo;OGC Nice et le RC Lens sera diffus\u00e9 sur Canal + Foot.<\/p>\n\n\n\n<p><strong>Le programme de la 17e journ\u00e9e de L1<\/strong> :<\/p>\n\n\n\n<p><em>Mercredi 20 d\u00e9cembre \u00e0 21h00 sur Canal+ Sport<\/em><strong><br><\/strong>Paris Saint-Germain \u2013 FC Metz<\/p>\n\n\n\n<p><em>Mercredi 20 d\u00e9cembre 2023 \u00e0 21h00 sur Prime Video<\/em><strong><br><\/strong>Montpellier H\u00e9rault SC \u2013 Olympique de Marseille<strong><br><\/strong>Olympique Lyonnais \u2013 FC Nantes<strong><br><\/strong>Toulouse FC \u2013 AS Monaco<strong><br><\/strong>RC Strasbourg Alsace \u2013 LOSC Lille<strong><br><\/strong>Stade Brestois 29 \u2013 FC Lorient<strong><br><\/strong>Clermont Foot 63 \u2013 Stade Rennais FC<strong><br><\/strong>Stade de Reims \u2013 Havre AC<\/p>\n\n\n\n<p><em>Mercredi 20 d\u00e9cembre 2023 \u00e0 21h00 sur Canal+ Foot<\/em><strong><br>OGC Nice \u2013 RC Lens<\/strong><\/p>\n","protected":false},"excerpt":{"rendered":"<p>La 17e journ\u00e9e de Ligue 1 Uber Eats est la seule journ\u00e9e de la saison non programm\u00e9e en fin de semaine. Elle aura lieu pour l&rsquo;ensemble des matches le mercredi 20 d\u00e9cembre avec un coup d&rsquo;envoi \u00e0 21h00. La LFP a toutefois pr\u00e9cis\u00e9 le programme TV de cette journ\u00e9e et le match ente l&rsquo;OGC Nice &hellip; <a href=\"https:\/\/www.sitercl.com\/News\/?p=11676\" class=\"more-link\">Continuer la lecture<span class=\"screen-reader-text\"> de &laquo;&nbsp;Le programme de la 17e journ\u00e9e&nbsp;&raquo;<\/span><\/a><\/p>\n","protected":false},"author":2,"featured_media":0,"comment_status":"closed","ping_status":"open","sticky":false,"template":"","format":"standard","meta":{"footnotes":""},"categories":[2],"tags":[367,151,352,17,38],"class_list":["post-11676","post","type-post","status-publish","format-standard","hentry","category-infos","tag-canal","tag-ligue-1","tag-nice","tag-programme","tag-tv"],"_links":{"self":[{"href":"https:\/\/www.sitercl.com\/News\/index.php?rest_route=\/wp\/v2\/posts\/11676","targetHints":{"allow":["GET"]}}],"collection":[{"href":"https:\/\/www.sitercl.com\/News\/index.php?rest_route=\/wp\/v2\/posts"}],"about":[{"href":"https:\/\/www.sitercl.com\/News\/index.php?rest_route=\/wp\/v2\/types\/post"}],"author":[{"embeddable":true,"href":"https:\/\/www.sitercl.com\/News\/index.php?rest_route=\/wp\/v2\/users\/2"}],"replies":[{"embeddable":true,"href":"https:\/\/www.sitercl.com\/News\/index.php?rest_route=%2Fwp%2Fv2%2Fcomments&post=11676"}],"version-history":[{"count":1,"href":"https:\/\/www.sitercl.com\/News\/index.php?rest_route=\/wp\/v2\/posts\/11676\/revisions"}],"predecessor-version":[{"id":11677,"href":"https:\/\/www.sitercl.com\/News\/index.php?rest_route=\/wp\/v2\/posts\/11676\/revisions\/11677"}],"wp:attachment":[{"href":"https:\/\/www.sitercl.com\/News\/index.php?rest_route=%2Fwp%2Fv2%2Fmedia&parent=11676"}],"wp:term":[{"taxonomy":"category","embeddable":true,"href":"https:\/\/www.sitercl.com\/News\/index.php?rest_route=%2Fwp%2Fv2%2Fcategories&post=11676"},{"taxonomy":"post_tag","embeddable":true,"href":"https:\/\/www.sitercl.com\/News\/index.php?rest_route=%2Fwp%2Fv2%2Ftags&post=11676"}],"curies":[{"name":"wp","href":"https:\/\/api.w.org\/{rel}","templated":true}]}}