{"id":11722,"date":"2023-12-11T21:16:32","date_gmt":"2023-12-11T20:16:32","guid":{"rendered":"https:\/\/www.sitercl.com\/News\/?p=11722"},"modified":"2023-12-13T19:54:32","modified_gmt":"2023-12-13T18:54:32","slug":"revue-du-web-lens-seville","status":"publish","type":"post","link":"https:\/\/www.sitercl.com\/News\/?p=11722","title":{"rendered":"Revue du Web Lens &#8211; S\u00e9ville"},"content":{"rendered":"<div class=\"wp-block-image\">\n<figure class=\"alignright size-full\"><img loading=\"lazy\" decoding=\"async\" width=\"150\" height=\"106\" src=\"https:\/\/www.sitercl.com\/News\/wp-content\/uploads\/2019\/01\/clavball.png\" alt=\"\" class=\"wp-image-587\"\/><\/figure>\n<\/div>\n\n\n<p>Retrouvez une s\u00e9lection d&rsquo;articles du Web sur la rencontre du Groupe B de la 6e journ\u00e9e de Ligue des Champions saison 2023\/2024 entre le RC Lens et le S\u00e9ville FC (2-1)&#8230;<br><br><b>www.lavoixdunord.fr<\/b> :<br>-13\/12\/2023 <a href=\"https:\/\/www.lavoixdunord.fr\/1408468\/article\/2023-12-13\/rc-lens-une-ligue-des-champions-finalement-rondement-menee\" target=\"_blank\" rel=\"noopener\">RC Lens : une Ligue des champions finalement rondement men\u00e9e<\/a><br>-13\/12\/2023 <a href=\"https:\/\/www.lavoixdunord.fr\/1408068\/article\/2023-12-13\/lens-seville-un-futur-europeen-au-bout-de-la-souffrance\" target=\"_blank\" rel=\"noopener\">Lens &#8211; S\u00e9ville : un futur europ\u00e9en au bout de la souffrance<\/a><br>-12\/12\/2023 <a href=\"https:\/\/www.lavoixdunord.fr\/1408058\/article\/2023-12-12\/franck-haise-tous-grandi\" target=\"_blank\" rel=\"noopener\">Franck Haise: \u00abOn a tous grandi\u00bb<\/a><br>-12\/12\/2023 <a href=\"https:\/\/www.lavoixdunord.fr\/1408055\/article\/2023-12-12\/lens-seville-franck-haise-j-ai-vecu-toutes-les-emotions\" target=\"_blank\" rel=\"noopener\">Lens \u2013 S\u00e9ville, Franck Haise: \u00abJ\u2019ai v\u00e9cu toutes les \u00e9motions\u00bb<\/a><br>-12\/12\/2023 <a href=\"https:\/\/www.lavoixdunord.fr\/1408045\/article\/2023-12-12\/lens-seville-les-supporters-sevillans-etaient-bien-la\" target=\"_blank\" rel=\"noopener\">Lens &#8211; S\u00e9ville : les supporters s\u00e9villans \u00e9taient bien l\u00e0<\/a><br>-12\/12\/2023 <a href=\"https:\/\/www.lavoixdunord.fr\/1408012\/article\/2023-12-12\/ligue-des-champions-un-tifo-sur-trois-tribunes-pour-lens-seville\" target=\"_blank\" rel=\"noopener\">Ligue des champions : un tifo sur trois tribunes pour Lens &#8211; S\u00e9ville<\/a><br>-13\/12\/2023 <a href=\"https:\/\/www.lavoixdunord.fr\/1408208\/article\/2023-12-13\/il-avait-predit-que-lens-s-ecroulerait-en-ligue-des-champions-leur-place-je-m\" target=\"_blank\" rel=\"noopener\">Il avait pr\u00e9dit que Lens \u00abs\u2019\u00e9croulerait\u00bb en Ligue des champions: \u00ab\u00c0 leur place je m\u2019insulterais\u00bb<\/a><br><br><b>www.lequipe.fr<\/b> :<br>-12\/12\/2023 <a href=\"https:\/\/www.lequipe.fr\/Football\/Actualites\/Lens-termine-troisieme-de-son-groupe-en-ligue-des-champions-et-reverse-en-ligue-europa\/1436657\" target=\"_blank\" rel=\"noopener\">Lens termine troisi\u00e8me de son groupe en Ligue des champions et est revers\u00e9 en Ligue Europa<\/a><br>-12\/12\/2023 <a href=\"https:\/\/www.lequipe.fr\/Football\/Actualites\/Brice-samba-apres-la-victoire-de-lens-contre-seville-on-n-est-pas-les-meilleurs-du-monde-mais-on-se-donne-a-1-000\/1436677\" target=\"_blank\" rel=\"noopener\">Brice Samba apr\u00e8s la victoire de Lens contre S\u00e9ville : \u00ab On n&rsquo;est pas les meilleurs du monde mais on se donne \u00e0 1 000 % \u00bb<\/a><br>-12\/12\/2023 <a href=\"https:\/\/www.lequipe.fr\/Football\/Actualites\/Facundo-medina-lens-suspendu-en-barrage-aller-de-la-ligue-europa\/1436665\" target=\"_blank\" rel=\"noopener\">Facundo Medina (Lens) suspendu en barrage aller de la Ligue Europa<\/a><br>-12\/12\/2023 <a href=\"https:\/\/www.lequipe.fr\/Football\/Actualites\/Nampalys-mendy-lens-blesse-contre-le-seville-fc\/1436643\" target=\"_blank\" rel=\"noopener\">Nampalys Mendy (Lens) bless\u00e9 contre le S\u00e9ville FC<\/a><br><br><b>www.eurosport.fr<\/b> :<br>-12\/12\/2023 <a href=\"https:\/\/www.eurosport.fr\/football\/ligue-des-champions\/2023-2024\/ligue-des-champions-lens-assure-sa-qualification-en-ligue-europa-en-battant-le-fc-seville-2-1_sto9918537\/story.shtml\" target=\"_blank\" rel=\"noopener\">Ligue des champions | Lens assure sa qualification en Ligue Europa en battant le FC S\u00e9ville (2-1)<\/a><br><br><b>www.francetvinfo.fr<\/b> :<br>-12\/12\/2023 <a href=\"https:\/\/www.francetvinfo.fr\/sports\/foot\/ligue-des-champions\/ligue-des-champions-contre-le-cours-du-jeu-lens-bat-le-seville-fc-et-s-assure-une-place-en-ligue-europa_6239181.html\" target=\"_blank\" rel=\"noopener\">Ligue des champions : contre le cours du jeu, Lens bat le S\u00e9ville FC et s&rsquo;assure une place en Ligue Europa<\/a><br><br><b>www.onzemondial.com<\/b> :<br>-12\/12\/2023 <a href=\"https:\/\/www.onzemondial.com\/ligue-des-champions\/lens-seville-apres-avoir-chambre-bollaert-sergio-ramos-fracasse-l-arbitrage-863473\" target=\"_blank\" rel=\"noopener\">Lens \u2013 S\u00e9ville : apr\u00e8s avoir chambr\u00e9 Bollaert, Sergio Ramos fracasse l&rsquo;arbitrage !<\/a><br><br><b>www.lefigaro.fr<\/b> :<br>-12\/12\/2023 <a href=\"https:\/\/www.lefigaro.fr\/sports\/football\/ligue-des-champions\/ligue-des-champions-fulgini-delivre-lens-une-heure-en-enfer-pour-les-nordistes-20231212\" target=\"_blank\" rel=\"noopener\">Ligue des champions : Fulgini d\u00e9livre Lens, une heure en enfer pour les Nordistes&#8230; Les tops et les flops<\/a><br><br><b>www.football365.fr<\/b> :<br>-12\/12\/2023 <a href=\"https:\/\/www.football365.fr\/mission-accomplie-pour-le-rc-lens-10155948.html\" target=\"_blank\" rel=\"noopener\">Mission accomplie pour le RC Lens<\/a><\/p>\n\n\n<div class=\"wp-block-image\">\n<figure class=\"aligncenter size-full\"><img loading=\"lazy\" decoding=\"async\" width=\"173\" height=\"2\" src=\"https:\/\/www.sitercl.com\/News\/wp-content\/uploads\/2022\/03\/NAVIsep3.gif\" alt=\"\" class=\"wp-image-7319\"\/><\/figure>\n<\/div>\n\n\n<p><strong><em>Avant match<\/em><\/strong>&#8230;<br><br><b>www.lavoixdunord.fr<\/b> :<br>-12\/12\/2023 <a href=\"https:\/\/www.lavoixdunord.fr\/1407688\/article\/2023-12-12\/lens-seville-les-lensois-veulent-encore-danser-avec-les-etoiles\" target=\"_blank\" rel=\"noopener\">Lens &#8211; S\u00e9ville : les Lensois veulent encore danser avec les \u00e9toiles<\/a><br>-11\/12\/2023 <a href=\"https:\/\/www.lavoixdunord.fr\/1407307\/article\/2023-12-11\/lens-seville-sait-etre-pragmatique-quand-il-le-faut-assure-franck-haise\" target=\"_blank\" rel=\"noopener\">Lens &#8211; S\u00e9ville: \u00abOn sait \u00eatre pragmatique quand il le faut\u00bb, assure Franck Haise<\/a><br>-11\/12\/2023 <a href=\"https:\/\/www.lavoixdunord.fr\/1407511\/article\/2023-12-11\/lens-seville-les-lensois-vont-vouloir-imposer-leur-jeu-affirme-diego-alonso\" target=\"_blank\" rel=\"noopener\">Lens &#8211; S\u00e9ville : \u00abLes Lensois vont vouloir imposer leur jeu\u00bb, affirme Diego Alonso<\/a><br>-11\/12\/2023 <a href=\"https:\/\/www.lavoixdunord.fr\/1407462\/article\/2023-12-11\/lens-seville-le-club-espagnol-et-l-association-nationale-des-supporters-deposent\" target=\"_blank\" rel=\"noopener\">Lens &#8211; S\u00e9ville : le club espagnol et l\u2019association nationale des supporters d\u00e9posent un recours<\/a><br>-11\/12\/2023 <a href=\"https:\/\/www.lavoixdunord.fr\/1407267\/article\/2023-12-11\/rc-lens-seville-l-arrete-d-interdiction-de-deplacement-publie\" target=\"_blank\" rel=\"noopener\">RC Lens &#8211; S\u00e9ville : l\u2019arr\u00eat\u00e9 d\u2019interdiction de d\u00e9placement publi\u00e9<\/a><br>-11\/12\/2023 <a href=\"https:\/\/www.lavoixdunord.fr\/1407235\/article\/2023-12-11\/lens-seville-la-decision-d-interdire-les-supporters-espagnols-est\" target=\"_blank\" rel=\"noopener\">Lens &#8211; S\u00e9ville : \u00ab La d\u00e9cision d\u2019interdire les supporters espagnols est incompr\u00e9hensible \u00bb<\/a><br>-11\/12\/2023 <a href=\"https:\/\/www.lavoixdunord.fr\/1407472\/article\/2023-12-11\/ligue-des-champions-seydou-keita-ou-la-clause-de-la-discorde-entre-lens-et\" target=\"_blank\" rel=\"noopener\">Ligue des champions : Seydou Keita, ou la clause de la discorde entre Lens et S\u00e9ville<\/a><br><br><b>www.lequipe.fr<\/b> :<br>-11\/12\/2023 <a href=\"https:\/\/www.lequipe.fr\/Football\/Actualites\/Haise-lens-regrette-l-interdiction-de-deplacement-des-supporters-sevillans\/1436386\" target=\"_blank\" rel=\"noopener\">Haise (Lens) \u00ab regrette \u00bb l&rsquo;interdiction de d\u00e9placement des supporters s\u00e9villans<\/a><br>-11\/12\/2023 <a href=\"https:\/\/www.lequipe.fr\/Football\/Actualites\/Le-seville-fc-s-oppose-a-l-interdiction-de-deplacement-de-ses-supporters-a-lens-en-ligue-des-champions\/1436358\" target=\"_blank\" rel=\"noopener\">Le S\u00e9ville FC \u00ab s&rsquo;oppose \u00bb \u00e0 l&rsquo;interdiction de d\u00e9placement de ses supporters \u00e0 Lens en Ligue des champions<\/a><br>-10\/12\/2023 <a href=\"https:\/\/www.lequipe.fr\/Football\/Actualites\/Les-red-tigers-feront-en-sorte-que-les-supporters-du-seville-fc-assistent-au-match-de-ligue-des-champions-a-lens\/1436319\" target=\"_blank\" rel=\"noopener\">Les Red Tigers feront en sorte que les supporters du S\u00e9ville FC assistent au match de Ligue des champions \u00e0 Lens<\/a><br><br><b>www.la-croix.com<\/b> :<br>-11\/12\/2023 <a href=\"https:\/\/www.la-croix.com\/foot-c1-objectif-ligue-europa-pour-lens-face-au-seville-fc-20231211\" target=\"_blank\" rel=\"noopener\">Foot\/C1: objectif Ligue Europa pour Lens face au S\u00e9ville FC<\/a><br><br><b>www.nordlittoral.fr<\/b> :<br>-11\/12\/2023 <a href=\"https:\/\/www.nordlittoral.fr\/193947\/article\/2023-12-11\/lens-seville-timothee-kolodziejczak-le-rc-lens-c-est-mon-club-de-coeur\" target=\"_blank\" rel=\"noopener\">Lens &#8211; S\u00e9ville : Timoth\u00e9e Kolodziejczak, \u00ab le RC Lens, c\u2019est mon club de c\u0153ur \u00bb<\/a><br><br><b>www.ouest-france.fr<\/b> :<br>-11\/12\/2023 <a href=\"https:\/\/www.ouest-france.fr\/sport\/football\/espagne\/seville-fc\/lens-seville-navas-bade-une-cascade-dabsents-chez-les-sevillans-pour-le-choc-a-lens-87369448-9828-11ee-b5ab-4c9dbbc4ce19\" target=\"_blank\" rel=\"noopener\">Lens \u2013 S\u00e9ville. Navas, Bad\u00e9\u2026 Une cascade d\u2019absents chez les S\u00e9villans pour le choc \u00e0 Lens<\/a><br><br><b>www.cnews.fr<\/b> :<br>-11\/12\/2023 <a href=\"https:\/\/www.cnews.fr\/sport\/2023-12-11\/lens-seville-tv-elimination-ligue-europa-tout-ce-quil-faut-savoir-sur-le-match-de\" target=\"_blank\" rel=\"noopener\">Lens-S\u00e9ville : TV, \u00e9limination, Ligue Europa\u2026 tout ce qu\u2019il faut savoir sur le match de Ligue des champions<\/a><\/p>\n","protected":false},"excerpt":{"rendered":"<p>Retrouvez une s\u00e9lection d&rsquo;articles du Web sur la rencontre du Groupe B de la 6e journ\u00e9e de Ligue des Champions saison 2023\/2024 entre le RC Lens et le S\u00e9ville FC (2-1)&#8230; www.lavoixdunord.fr :-13\/12\/2023 RC Lens : une Ligue des champions finalement rondement men\u00e9e-13\/12\/2023 Lens &#8211; S\u00e9ville : un futur europ\u00e9en au bout de la souffrance-12\/12\/2023 &hellip; <a href=\"https:\/\/www.sitercl.com\/News\/?p=11722\" class=\"more-link\">Continuer la lecture<span class=\"screen-reader-text\"> de &laquo;&nbsp;Revue du Web Lens &#8211; S\u00e9ville&nbsp;&raquo;<\/span><\/a><\/p>\n","protected":false},"author":2,"featured_media":0,"comment_status":"closed","ping_status":"open","sticky":false,"template":"","format":"standard","meta":{"footnotes":""},"categories":[6],"tags":[13,584,585],"class_list":["post-11722","post","type-post","status-publish","format-standard","hentry","category-revue-du-web","tag-internet","tag-ligue-des-champions","tag-seville"],"_links":{"self":[{"href":"https:\/\/www.sitercl.com\/News\/index.php?rest_route=\/wp\/v2\/posts\/11722","targetHints":{"allow":["GET"]}}],"collection":[{"href":"https:\/\/www.sitercl.com\/News\/index.php?rest_route=\/wp\/v2\/posts"}],"about":[{"href":"https:\/\/www.sitercl.com\/News\/index.php?rest_route=\/wp\/v2\/types\/post"}],"author":[{"embeddable":true,"href":"https:\/\/www.sitercl.com\/News\/index.php?rest_route=\/wp\/v2\/users\/2"}],"replies":[{"embeddable":true,"href":"https:\/\/www.sitercl.com\/News\/index.php?rest_route=%2Fwp%2Fv2%2Fcomments&post=11722"}],"version-history":[{"count":4,"href":"https:\/\/www.sitercl.com\/News\/index.php?rest_route=\/wp\/v2\/posts\/11722\/revisions"}],"predecessor-version":[{"id":11739,"href":"https:\/\/www.sitercl.com\/News\/index.php?rest_route=\/wp\/v2\/posts\/11722\/revisions\/11739"}],"wp:attachment":[{"href":"https:\/\/www.sitercl.com\/News\/index.php?rest_route=%2Fwp%2Fv2%2Fmedia&parent=11722"}],"wp:term":[{"taxonomy":"category","embeddable":true,"href":"https:\/\/www.sitercl.com\/News\/index.php?rest_route=%2Fwp%2Fv2%2Fcategories&post=11722"},{"taxonomy":"post_tag","embeddable":true,"href":"https:\/\/www.sitercl.com\/News\/index.php?rest_route=%2Fwp%2Fv2%2Ftags&post=11722"}],"curies":[{"name":"wp","href":"https:\/\/api.w.org\/{rel}","templated":true}]}}