{"id":11740,"date":"2023-12-13T20:03:48","date_gmt":"2023-12-13T19:03:48","guid":{"rendered":"https:\/\/www.sitercl.com\/News\/?p=11740"},"modified":"2023-12-13T20:03:48","modified_gmt":"2023-12-13T19:03:48","slug":"le-rc-lens-sanctionne-par-luefa","status":"publish","type":"post","link":"https:\/\/www.sitercl.com\/News\/?p=11740","title":{"rendered":"Le RC Lens sanctionn\u00e9 par l\u2019UEFA"},"content":{"rendered":"<div class=\"wp-block-image\">\n<figure class=\"alignright size-large is-resized\"><img decoding=\"async\" src=\"https:\/\/www.sitercl.com\/Clubs\/Europe\/starsena.jpg\" alt=\"\" style=\"width:200px\"\/><\/figure>\n<\/div>\n\n\n<p>Le d\u00e9placement des supporters lensois \u00e0 Arsenal lors de la 5e journ\u00e9e de Ligue des Champions n&rsquo;avait rien de comparable \u00e0 celui des supporters du PSV \u00e0 Lens mais l&rsquo;Uefa n&rsquo;a quand m\u00eame trop appr\u00e9ci\u00e9 certains comportement de leur part comme l&rsquo;utilisation de fumig\u00e8nes, des d\u00e9gradations de si\u00e8ges ou encore quelques jets de projectiles.<\/p>\n\n\n\n<p>Ainsi le RC Lens a \u00e9t\u00e9 sanctionn\u00e9 d&rsquo;une amende de 30 000 euros et devra se mettre en contact avec le club anglais sous 30 jours pour r\u00e9gler les frais des 50 si\u00e8ges cass\u00e9s\u00a0dans le stade Emirates de Londres.<\/p>\n\n\n\n<p>De plus le club \u00e9cope \u00e9galement\u00a0d\u2019une interdiction avec sursis de vendre des billets \u00e0 ses supporters\u00a0pour la prochaine rencontre europ\u00e9enne \u00e0 l\u2019ext\u00e9rieur, avec une p\u00e9riode probatoire de deux ans.<\/p>\n","protected":false},"excerpt":{"rendered":"<p>Le d\u00e9placement des supporters lensois \u00e0 Arsenal lors de la 5e journ\u00e9e de Ligue des Champions n&rsquo;avait rien de comparable \u00e0 celui des supporters du PSV \u00e0 Lens mais l&rsquo;Uefa n&rsquo;a quand m\u00eame trop appr\u00e9ci\u00e9 certains comportement de leur part comme l&rsquo;utilisation de fumig\u00e8nes, des d\u00e9gradations de si\u00e8ges ou encore quelques jets de projectiles. Ainsi &hellip; <a href=\"https:\/\/www.sitercl.com\/News\/?p=11740\" class=\"more-link\">Continuer la lecture<span class=\"screen-reader-text\"> de &laquo;&nbsp;Le RC Lens sanctionn\u00e9 par l\u2019UEFA&nbsp;&raquo;<\/span><\/a><\/p>\n","protected":false},"author":2,"featured_media":0,"comment_status":"closed","ping_status":"open","sticky":false,"template":"","format":"standard","meta":{"footnotes":""},"categories":[2],"tags":[618,584,9,14],"class_list":["post-11740","post","type-post","status-publish","format-standard","hentry","category-infos","tag-arsenal","tag-ligue-des-champions","tag-sanction","tag-supporters"],"_links":{"self":[{"href":"https:\/\/www.sitercl.com\/News\/index.php?rest_route=\/wp\/v2\/posts\/11740","targetHints":{"allow":["GET"]}}],"collection":[{"href":"https:\/\/www.sitercl.com\/News\/index.php?rest_route=\/wp\/v2\/posts"}],"about":[{"href":"https:\/\/www.sitercl.com\/News\/index.php?rest_route=\/wp\/v2\/types\/post"}],"author":[{"embeddable":true,"href":"https:\/\/www.sitercl.com\/News\/index.php?rest_route=\/wp\/v2\/users\/2"}],"replies":[{"embeddable":true,"href":"https:\/\/www.sitercl.com\/News\/index.php?rest_route=%2Fwp%2Fv2%2Fcomments&post=11740"}],"version-history":[{"count":1,"href":"https:\/\/www.sitercl.com\/News\/index.php?rest_route=\/wp\/v2\/posts\/11740\/revisions"}],"predecessor-version":[{"id":11741,"href":"https:\/\/www.sitercl.com\/News\/index.php?rest_route=\/wp\/v2\/posts\/11740\/revisions\/11741"}],"wp:attachment":[{"href":"https:\/\/www.sitercl.com\/News\/index.php?rest_route=%2Fwp%2Fv2%2Fmedia&parent=11740"}],"wp:term":[{"taxonomy":"category","embeddable":true,"href":"https:\/\/www.sitercl.com\/News\/index.php?rest_route=%2Fwp%2Fv2%2Fcategories&post=11740"},{"taxonomy":"post_tag","embeddable":true,"href":"https:\/\/www.sitercl.com\/News\/index.php?rest_route=%2Fwp%2Fv2%2Ftags&post=11740"}],"curies":[{"name":"wp","href":"https:\/\/api.w.org\/{rel}","templated":true}]}}