{"id":11830,"date":"2023-12-28T12:28:48","date_gmt":"2023-12-28T11:28:48","guid":{"rendered":"https:\/\/www.sitercl.com\/News\/?p=11830"},"modified":"2023-12-28T12:28:48","modified_gmt":"2023-12-28T11:28:48","slug":"pas-de-can-pour-neil-el-aynaoui","status":"publish","type":"post","link":"https:\/\/www.sitercl.com\/News\/?p=11830","title":{"rendered":"Pas de CAN pour Neil EL AYNAOUI"},"content":{"rendered":"<div class=\"wp-block-image\">\n<figure class=\"alignright size-large\"><img decoding=\"async\" src=\"https:\/\/www.sitercl.com\/Fichejo\/E\/elaynaon.gif\" alt=\"\"\/><\/figure>\n<\/div>\n\n\n<p>On ne se risquera pas de dire si c&rsquo;est une bonne nouvelle ou non pour le RC Lens mais son milieu de terrain Neil El Aynaoui n&rsquo;est finalement pas pr\u00e9sent dans la liste des joueurs convoqu\u00e9s par le Maroc pour la 34e \u00e9dition\u00a0de la Coupe d&rsquo;Afrique des Nations qui d\u00e9butera le samedi 13 janvier 2024.<br>Il avait \u00e9t\u00e9 pr\u00e9s\u00e9lectionn\u00e9 dans une liste \u00e9largie il y a quelques semaines mais ne fait donc pas parti de la liste finale.<\/p>\n","protected":false},"excerpt":{"rendered":"<p>On ne se risquera pas de dire si c&rsquo;est une bonne nouvelle ou non pour le RC Lens mais son milieu de terrain Neil El Aynaoui n&rsquo;est finalement pas pr\u00e9sent dans la liste des joueurs convoqu\u00e9s par le Maroc pour la 34e \u00e9dition\u00a0de la Coupe d&rsquo;Afrique des Nations qui d\u00e9butera le samedi 13 janvier 2024.Il &hellip; <a href=\"https:\/\/www.sitercl.com\/News\/?p=11830\" class=\"more-link\">Continuer la lecture<span class=\"screen-reader-text\"> de &laquo;&nbsp;Pas de CAN pour Neil EL AYNAOUI&nbsp;&raquo;<\/span><\/a><\/p>\n","protected":false},"author":2,"featured_media":0,"comment_status":"closed","ping_status":"open","sticky":false,"template":"","format":"standard","meta":{"footnotes":""},"categories":[2],"tags":[500,597],"class_list":["post-11830","post","type-post","status-publish","format-standard","hentry","category-infos","tag-can","tag-el-aynaoui"],"_links":{"self":[{"href":"https:\/\/www.sitercl.com\/News\/index.php?rest_route=\/wp\/v2\/posts\/11830","targetHints":{"allow":["GET"]}}],"collection":[{"href":"https:\/\/www.sitercl.com\/News\/index.php?rest_route=\/wp\/v2\/posts"}],"about":[{"href":"https:\/\/www.sitercl.com\/News\/index.php?rest_route=\/wp\/v2\/types\/post"}],"author":[{"embeddable":true,"href":"https:\/\/www.sitercl.com\/News\/index.php?rest_route=\/wp\/v2\/users\/2"}],"replies":[{"embeddable":true,"href":"https:\/\/www.sitercl.com\/News\/index.php?rest_route=%2Fwp%2Fv2%2Fcomments&post=11830"}],"version-history":[{"count":1,"href":"https:\/\/www.sitercl.com\/News\/index.php?rest_route=\/wp\/v2\/posts\/11830\/revisions"}],"predecessor-version":[{"id":11831,"href":"https:\/\/www.sitercl.com\/News\/index.php?rest_route=\/wp\/v2\/posts\/11830\/revisions\/11831"}],"wp:attachment":[{"href":"https:\/\/www.sitercl.com\/News\/index.php?rest_route=%2Fwp%2Fv2%2Fmedia&parent=11830"}],"wp:term":[{"taxonomy":"category","embeddable":true,"href":"https:\/\/www.sitercl.com\/News\/index.php?rest_route=%2Fwp%2Fv2%2Fcategories&post=11830"},{"taxonomy":"post_tag","embeddable":true,"href":"https:\/\/www.sitercl.com\/News\/index.php?rest_route=%2Fwp%2Fv2%2Ftags&post=11830"}],"curies":[{"name":"wp","href":"https:\/\/api.w.org\/{rel}","templated":true}]}}