{"id":11888,"date":"2024-01-09T19:33:53","date_gmt":"2024-01-09T18:33:53","guid":{"rendered":"https:\/\/www.sitercl.com\/News\/?p=11888"},"modified":"2024-01-09T19:35:56","modified_gmt":"2024-01-09T18:35:56","slug":"jhoanner-chavez-comme-prevu","status":"publish","type":"post","link":"https:\/\/www.sitercl.com\/News\/?p=11888","title":{"rendered":"Jhoanner Ch\u00e1vez comme pr\u00e9vu"},"content":{"rendered":"<div class=\"wp-block-image\">\n<figure class=\"alignright size-large\"><img decoding=\"async\" src=\"https:\/\/www.sitercl.com\/Fichejo\/C\/chavezjo.gif\" alt=\"\"\/><\/figure>\n<\/div>\n\n\n<p>Son nom n&rsquo;avait pas \u00e9t\u00e9 \u00e9voqu\u00e9 hier lors de <a href=\"https:\/\/www.sitercl.com\/News\/?post_type=post&amp;p=11878\">l&rsquo;annonce<\/a> d&rsquo;une arriv\u00e9e au RC Lens ce mardi midi mais comme attendu, il s&rsquo;agissait bien de l&rsquo;Equatorien <strong>Jhoanner Ch\u00e1vez<\/strong>. Si bien s\u00fbr le RC Lens a d\u00e9j\u00e0 recrut\u00e9 de nombreux joueurs sud am\u00e9ricains dans le pass\u00e9 et qu&rsquo;il en poss\u00e8de plusieurs actuellement dans son effectif, c&rsquo;est la premi\u00e8re fois qu&rsquo;un Equatorien jouera au RCL.<\/p>\n\n\n\n<p>Form\u00e9 \u00e0 l&rsquo;Independiente del Valle, il a rejoint\u00a0l\u2019EC Bahia au Br\u00e9sil en janvier 2023. De janvier \u00e0 juillet, il joue ainsi  29 matches toutes comp\u00e9titions confondues (dont 10 en premi\u00e8re division br\u00e9silienne) puis il retourne \u00e0 l\u2019Independiente en pr\u00eat (2 r\u00e9alisations en 13 apparitions en Primera A).<\/p>\n\n\n\n<p>L&rsquo;international Equatorien (3 s\u00e9lections) a \u00e9t\u00e9 pr\u00eat\u00e9 avec option d&rsquo;achat par l\u2019EC Bahia au RC Lens o\u00f9 il a donc \u00e9t\u00e9 pr\u00e9sent\u00e9 ce mardi comme un piston gauche puissant et dynamique ! Il portera le num\u00e9ro 13.<\/p>\n","protected":false},"excerpt":{"rendered":"<p>Son nom n&rsquo;avait pas \u00e9t\u00e9 \u00e9voqu\u00e9 hier lors de l&rsquo;annonce d&rsquo;une arriv\u00e9e au RC Lens ce mardi midi mais comme attendu, il s&rsquo;agissait bien de l&rsquo;Equatorien Jhoanner Ch\u00e1vez. Si bien s\u00fbr le RC Lens a d\u00e9j\u00e0 recrut\u00e9 de nombreux joueurs sud am\u00e9ricains dans le pass\u00e9 et qu&rsquo;il en poss\u00e8de plusieurs actuellement dans son effectif, c&rsquo;est &hellip; <a href=\"https:\/\/www.sitercl.com\/News\/?p=11888\" class=\"more-link\">Continuer la lecture<span class=\"screen-reader-text\"> de &laquo;&nbsp;Jhoanner Ch\u00e1vez comme pr\u00e9vu&nbsp;&raquo;<\/span><\/a><\/p>\n","protected":false},"author":2,"featured_media":0,"comment_status":"closed","ping_status":"open","sticky":false,"template":"","format":"standard","meta":{"footnotes":""},"categories":[2],"tags":[639,64,198,58],"class_list":["post-11888","post","type-post","status-publish","format-standard","hentry","category-infos","tag-chavez","tag-mercato","tag-pret","tag-transfert"],"_links":{"self":[{"href":"https:\/\/www.sitercl.com\/News\/index.php?rest_route=\/wp\/v2\/posts\/11888","targetHints":{"allow":["GET"]}}],"collection":[{"href":"https:\/\/www.sitercl.com\/News\/index.php?rest_route=\/wp\/v2\/posts"}],"about":[{"href":"https:\/\/www.sitercl.com\/News\/index.php?rest_route=\/wp\/v2\/types\/post"}],"author":[{"embeddable":true,"href":"https:\/\/www.sitercl.com\/News\/index.php?rest_route=\/wp\/v2\/users\/2"}],"replies":[{"embeddable":true,"href":"https:\/\/www.sitercl.com\/News\/index.php?rest_route=%2Fwp%2Fv2%2Fcomments&post=11888"}],"version-history":[{"count":2,"href":"https:\/\/www.sitercl.com\/News\/index.php?rest_route=\/wp\/v2\/posts\/11888\/revisions"}],"predecessor-version":[{"id":11891,"href":"https:\/\/www.sitercl.com\/News\/index.php?rest_route=\/wp\/v2\/posts\/11888\/revisions\/11891"}],"wp:attachment":[{"href":"https:\/\/www.sitercl.com\/News\/index.php?rest_route=%2Fwp%2Fv2%2Fmedia&parent=11888"}],"wp:term":[{"taxonomy":"category","embeddable":true,"href":"https:\/\/www.sitercl.com\/News\/index.php?rest_route=%2Fwp%2Fv2%2Fcategories&post=11888"},{"taxonomy":"post_tag","embeddable":true,"href":"https:\/\/www.sitercl.com\/News\/index.php?rest_route=%2Fwp%2Fv2%2Ftags&post=11888"}],"curies":[{"name":"wp","href":"https:\/\/api.w.org\/{rel}","templated":true}]}}