{"id":12375,"date":"2024-03-14T20:18:06","date_gmt":"2024-03-14T19:18:06","guid":{"rendered":"https:\/\/www.sitercl.com\/News\/?p=12375"},"modified":"2024-03-14T20:18:06","modified_gmt":"2024-03-14T19:18:06","slug":"brice-samba-convoque","status":"publish","type":"post","link":"https:\/\/www.sitercl.com\/News\/?p=12375","title":{"rendered":"Brice Samba convoqu\u00e9"},"content":{"rendered":"<div class=\"wp-block-image\">\n<figure class=\"alignright size-large\"><img decoding=\"async\" src=\"https:\/\/www.sitercl.com\/Fichejo\/S\/sambabri.gif\" alt=\"\"\/><\/figure>\n<\/div>\n\n\n<p>Le s\u00e9lectionneur de l\u2019\u00e9quipe de France, Didier Deschamps, a r\u00e9v\u00e9l\u00e9 ce jeudi la liste des 23 Bleus convoqu\u00e9s pour les deux prochains matches amicaux. Ainsi l\u2019\u00e9quipe de France affrontera l\u2019Allemagne le samedi 23 mars, au Groupama Stadium, \u00e0 Lyon, et le Chili le mardi 26 mars, \u00e0 l&rsquo;Orange V\u00e9lodrome, \u00e0 Marseille.<\/p>\n\n\n\n<p>Pas de surprise, le Lensois Brice Samba fait bien parti des 3 gardiens choisis avec Mike Maignan (AC Milan, ITA) et l&rsquo;ancien lensois Alphonse Areola (West Ham, ANG).<br>Rappel, Brice Samba a particip\u00e9 jusqu&rsquo;\u00e0 pr\u00e9sent \u00e0 deux matches : face \u00e0 Gibraltar le 16\/06\/2023 et face \u00e0 la Gr\u00e8ce le 21\/11\/2023<\/p>\n\n\n\n<p>On notera \u00e9galement la pr\u00e9sence dans le groupe des Bleus convoqu\u00e9s de l&rsquo;ancien d\u00e9fenseur Sang et Or, Jonathan Clauss (OM).<\/p>\n","protected":false},"excerpt":{"rendered":"<p>Le s\u00e9lectionneur de l\u2019\u00e9quipe de France, Didier Deschamps, a r\u00e9v\u00e9l\u00e9 ce jeudi la liste des 23 Bleus convoqu\u00e9s pour les deux prochains matches amicaux. Ainsi l\u2019\u00e9quipe de France affrontera l\u2019Allemagne le samedi 23 mars, au Groupama Stadium, \u00e0 Lyon, et le Chili le mardi 26 mars, \u00e0 l&rsquo;Orange V\u00e9lodrome, \u00e0 Marseille. Pas de surprise, le &hellip; <a href=\"https:\/\/www.sitercl.com\/News\/?p=12375\" class=\"more-link\">Continuer la lecture<span class=\"screen-reader-text\"> de &laquo;&nbsp;Brice Samba convoqu\u00e9&nbsp;&raquo;<\/span><\/a><\/p>\n","protected":false},"author":2,"featured_media":0,"comment_status":"closed","ping_status":"open","sticky":false,"template":"","format":"standard","meta":{"footnotes":""},"categories":[2],"tags":[77,481,238,314,530],"class_list":["post-12375","post","type-post","status-publish","format-standard","hentry","category-infos","tag-ancien","tag-areola","tag-bleus","tag-clauss","tag-samba"],"_links":{"self":[{"href":"https:\/\/www.sitercl.com\/News\/index.php?rest_route=\/wp\/v2\/posts\/12375","targetHints":{"allow":["GET"]}}],"collection":[{"href":"https:\/\/www.sitercl.com\/News\/index.php?rest_route=\/wp\/v2\/posts"}],"about":[{"href":"https:\/\/www.sitercl.com\/News\/index.php?rest_route=\/wp\/v2\/types\/post"}],"author":[{"embeddable":true,"href":"https:\/\/www.sitercl.com\/News\/index.php?rest_route=\/wp\/v2\/users\/2"}],"replies":[{"embeddable":true,"href":"https:\/\/www.sitercl.com\/News\/index.php?rest_route=%2Fwp%2Fv2%2Fcomments&post=12375"}],"version-history":[{"count":1,"href":"https:\/\/www.sitercl.com\/News\/index.php?rest_route=\/wp\/v2\/posts\/12375\/revisions"}],"predecessor-version":[{"id":12376,"href":"https:\/\/www.sitercl.com\/News\/index.php?rest_route=\/wp\/v2\/posts\/12375\/revisions\/12376"}],"wp:attachment":[{"href":"https:\/\/www.sitercl.com\/News\/index.php?rest_route=%2Fwp%2Fv2%2Fmedia&parent=12375"}],"wp:term":[{"taxonomy":"category","embeddable":true,"href":"https:\/\/www.sitercl.com\/News\/index.php?rest_route=%2Fwp%2Fv2%2Fcategories&post=12375"},{"taxonomy":"post_tag","embeddable":true,"href":"https:\/\/www.sitercl.com\/News\/index.php?rest_route=%2Fwp%2Fv2%2Ftags&post=12375"}],"curies":[{"name":"wp","href":"https:\/\/api.w.org\/{rel}","templated":true}]}}