{"id":12377,"date":"2024-03-15T19:55:09","date_gmt":"2024-03-15T18:55:09","guid":{"rendered":"https:\/\/www.sitercl.com\/News\/?p=12377"},"modified":"2024-03-15T19:55:09","modified_gmt":"2024-03-15T18:55:09","slug":"les-groupes-pour-rcl-ogcn","status":"publish","type":"post","link":"https:\/\/www.sitercl.com\/News\/?p=12377","title":{"rendered":"Les groupes pour RCL &#8211; OGCN"},"content":{"rendered":"<div class=\"wp-block-image\">\n<figure class=\"alignright size-full\"><img loading=\"lazy\" decoding=\"async\" width=\"137\" height=\"150\" src=\"https:\/\/www.sitercl.com\/News\/wp-content\/uploads\/2018\/12\/grpjoueu.jpg\" alt=\"\" class=\"wp-image-248\"\/><\/figure>\n<\/div>\n\n\n<p>Voici les groupes convoqu\u00e9s pour la rencontre de la 26e journ\u00e9e de Ligue 1 Uber Etas entre le RC Lens et l&rsquo;OGC Nice qui se jouera ce samedi \u00e0 partir de 21h00&#8230;<\/p>\n\n\n\n<p><strong><em>Pour le RC Lens<\/em><\/strong> :<br>Leca, Samba \u2013 Aguilar, Danso, Chavez, Medina, Frankowski, Gradit, Ha\u00efdara, Khusanov \u2013 Abdul\u00a0Samed, Pereira Da Costa, Fulgini, Diouf, El Aynaoui, Mendy, Thomasson \u2013 Sotoca, Wahi, Sa\u00efd, Guilavogui.<\/p>\n\n\n\n<p>Plusieurs entr\u00e9es dans le groupe art\u00e9sien par rapport \u00e0 la derni\u00e8re rencontre face \u00e0 Brest de la semaine derni\u00e8re. Ainsi Facundo Medina a purg\u00e9 son match de suspension. Jhoanner Chavez et Massadio Ha\u00efdara font eux leur retour apr\u00e8s leur blessure.<br>Jimmy Cabot (genou) et Deiver Machado (reprise) restent forfaits.<\/p>\n\n\n\n<p><strong><em>Pour l&rsquo;OGC Nice<\/em><\/strong> :<br>A venir&#8230;<\/p>\n\n\n\n<p>Melvin Bard (talon d\u2019Achille), Sofiane Diop (pied) et Valentin Rosier (l\u00e9sion ischios) sont forfaits pour la rencontre.<br>Marcin Bulka (nez), Youssouf Ndayishimiye (reprise) et Hicham Boudaoui (reprise) restent incertains.<\/p>\n\n\n\n<p><strong>L&rsquo;arbitre<\/strong> :<br>Pour <a href=\"https:\/\/www.sitercl.com\/News\/?post_type=post&amp;p=12369\">rappel<\/a>, il s&rsquo;agit de\u00a0M. Beno\u00eet BASTIEN.<\/p>\n","protected":false},"excerpt":{"rendered":"<p>Voici les groupes convoqu\u00e9s pour la rencontre de la 26e journ\u00e9e de Ligue 1 Uber Etas entre le RC Lens et l&rsquo;OGC Nice qui se jouera ce samedi \u00e0 partir de 21h00&#8230; Pour le RC Lens :Leca, Samba \u2013 Aguilar, Danso, Chavez, Medina, Frankowski, Gradit, Ha\u00efdara, Khusanov \u2013 Abdul\u00a0Samed, Pereira Da Costa, Fulgini, Diouf, El &hellip; <a href=\"https:\/\/www.sitercl.com\/News\/?p=12377\" class=\"more-link\">Continuer la lecture<span class=\"screen-reader-text\"> de &laquo;&nbsp;Les groupes pour RCL &#8211; OGCN&nbsp;&raquo;<\/span><\/a><\/p>\n","protected":false},"author":2,"featured_media":0,"comment_status":"closed","ping_status":"open","sticky":false,"template":"","format":"standard","meta":{"footnotes":""},"categories":[2],"tags":[11,151,352],"class_list":["post-12377","post","type-post","status-publish","format-standard","hentry","category-infos","tag-groupes","tag-ligue-1","tag-nice"],"_links":{"self":[{"href":"https:\/\/www.sitercl.com\/News\/index.php?rest_route=\/wp\/v2\/posts\/12377","targetHints":{"allow":["GET"]}}],"collection":[{"href":"https:\/\/www.sitercl.com\/News\/index.php?rest_route=\/wp\/v2\/posts"}],"about":[{"href":"https:\/\/www.sitercl.com\/News\/index.php?rest_route=\/wp\/v2\/types\/post"}],"author":[{"embeddable":true,"href":"https:\/\/www.sitercl.com\/News\/index.php?rest_route=\/wp\/v2\/users\/2"}],"replies":[{"embeddable":true,"href":"https:\/\/www.sitercl.com\/News\/index.php?rest_route=%2Fwp%2Fv2%2Fcomments&post=12377"}],"version-history":[{"count":1,"href":"https:\/\/www.sitercl.com\/News\/index.php?rest_route=\/wp\/v2\/posts\/12377\/revisions"}],"predecessor-version":[{"id":12378,"href":"https:\/\/www.sitercl.com\/News\/index.php?rest_route=\/wp\/v2\/posts\/12377\/revisions\/12378"}],"wp:attachment":[{"href":"https:\/\/www.sitercl.com\/News\/index.php?rest_route=%2Fwp%2Fv2%2Fmedia&parent=12377"}],"wp:term":[{"taxonomy":"category","embeddable":true,"href":"https:\/\/www.sitercl.com\/News\/index.php?rest_route=%2Fwp%2Fv2%2Fcategories&post=12377"},{"taxonomy":"post_tag","embeddable":true,"href":"https:\/\/www.sitercl.com\/News\/index.php?rest_route=%2Fwp%2Fv2%2Ftags&post=12377"}],"curies":[{"name":"wp","href":"https:\/\/api.w.org\/{rel}","templated":true}]}}