{"id":12391,"date":"2024-03-16T13:44:46","date_gmt":"2024-03-16T12:44:46","guid":{"rendered":"https:\/\/www.sitercl.com\/News\/?p=12391"},"modified":"2024-03-16T13:47:17","modified_gmt":"2024-03-16T12:47:17","slug":"franck-haise-a-failli-arrete","status":"publish","type":"post","link":"https:\/\/www.sitercl.com\/News\/?p=12391","title":{"rendered":"Franck Haise a failli arr\u00eater"},"content":{"rendered":"<div class=\"wp-block-image\">\n<figure class=\"alignright size-large\"><img decoding=\"async\" src=\"https:\/\/www.sitercl.com\/Fichejo\/H\/haisefra.gif\" alt=\"\"\/><\/figure>\n<\/div>\n\n\n<p>Dans un entretien accord\u00e9 vendredi \u00e0 <em>France Bleu Nord<\/em>, Franck Haise a annonc\u00e9 qu&rsquo;il avait envisag\u00e9 de faire une pause \u00e0 l&rsquo;issue de la saison 2023-24.\u00a0<\/p>\n\n\n\n<p>\u00ab\u00a0<em>Ce recul, je le prends en janvier, je l\u2019ai d\u2019abord fait pour moi avant tout et donc pour les autres. La charge mentale \u00e9tait importante et je ne pouvais pas aller \u00e0 fond sur certains dossiers<\/em>, a-t-il confi\u00e9.\u00a0<em>J&rsquo;\u00e9tais plus tendu, plus fatigu\u00e9, \u00e7a se voyait. Je me suis m\u00eame demand\u00e9 si dans six mois je n\u2019arr\u00eaterai pas d\u2019entra\u00eener pour faire une pause. C\u2019\u00e9tait une possibilit\u00e9<\/em>. C<em>ette option, je l\u2019ai eue en t\u00eate plusieurs jours, elle n\u2019a pas dur\u00e9<\/em>.\u00a0\u00bb<\/p>\n\n\n\n<p>Franck Haise a rappel\u00e9 qu&rsquo;il avait \u00e9chang\u00e9 sur ce sujet avec sa femme, son fils et Arnaud Pouille, le directeur g\u00e9n\u00e9ral du club. En janvier dernier, celui-ci avait <a href=\"https:\/\/www.sitercl.com\/News\/?p=12042\">annonc\u00e9<\/a> qu&rsquo;il l\u00e2chait sa casquette de manager g\u00e9n\u00e9ral du club pour se concentrer sur le terrain.<\/p>\n","protected":false},"excerpt":{"rendered":"<p>Dans un entretien accord\u00e9 vendredi \u00e0 France Bleu Nord, Franck Haise a annonc\u00e9 qu&rsquo;il avait envisag\u00e9 de faire une pause \u00e0 l&rsquo;issue de la saison 2023-24.\u00a0 \u00ab\u00a0Ce recul, je le prends en janvier, je l\u2019ai d\u2019abord fait pour moi avant tout et donc pour les autres. La charge mentale \u00e9tait importante et je ne pouvais &hellip; <a href=\"https:\/\/www.sitercl.com\/News\/?p=12391\" class=\"more-link\">Continuer la lecture<span class=\"screen-reader-text\"> de &laquo;&nbsp;Franck Haise a failli arr\u00eater&nbsp;&raquo;<\/span><\/a><\/p>\n","protected":false},"author":2,"featured_media":0,"comment_status":"closed","ping_status":"open","sticky":false,"template":"","format":"standard","meta":{"footnotes":""},"categories":[2],"tags":[267,279,171],"class_list":["post-12391","post","type-post","status-publish","format-standard","hentry","category-infos","tag-entraineur","tag-haise","tag-interview"],"_links":{"self":[{"href":"https:\/\/www.sitercl.com\/News\/index.php?rest_route=\/wp\/v2\/posts\/12391","targetHints":{"allow":["GET"]}}],"collection":[{"href":"https:\/\/www.sitercl.com\/News\/index.php?rest_route=\/wp\/v2\/posts"}],"about":[{"href":"https:\/\/www.sitercl.com\/News\/index.php?rest_route=\/wp\/v2\/types\/post"}],"author":[{"embeddable":true,"href":"https:\/\/www.sitercl.com\/News\/index.php?rest_route=\/wp\/v2\/users\/2"}],"replies":[{"embeddable":true,"href":"https:\/\/www.sitercl.com\/News\/index.php?rest_route=%2Fwp%2Fv2%2Fcomments&post=12391"}],"version-history":[{"count":2,"href":"https:\/\/www.sitercl.com\/News\/index.php?rest_route=\/wp\/v2\/posts\/12391\/revisions"}],"predecessor-version":[{"id":12394,"href":"https:\/\/www.sitercl.com\/News\/index.php?rest_route=\/wp\/v2\/posts\/12391\/revisions\/12394"}],"wp:attachment":[{"href":"https:\/\/www.sitercl.com\/News\/index.php?rest_route=%2Fwp%2Fv2%2Fmedia&parent=12391"}],"wp:term":[{"taxonomy":"category","embeddable":true,"href":"https:\/\/www.sitercl.com\/News\/index.php?rest_route=%2Fwp%2Fv2%2Fcategories&post=12391"},{"taxonomy":"post_tag","embeddable":true,"href":"https:\/\/www.sitercl.com\/News\/index.php?rest_route=%2Fwp%2Fv2%2Ftags&post=12391"}],"curies":[{"name":"wp","href":"https:\/\/api.w.org\/{rel}","templated":true}]}}