{"id":12642,"date":"2024-04-27T19:12:51","date_gmt":"2024-04-27T17:12:51","guid":{"rendered":"https:\/\/www.sitercl.com\/News\/?p=12642"},"modified":"2024-04-29T16:50:57","modified_gmt":"2024-04-29T14:50:57","slug":"presentation-de-om-lens","status":"publish","type":"post","link":"https:\/\/www.sitercl.com\/News\/?p=12642","title":{"rendered":"Pr\u00e9sentation de OM &#8211; Lens"},"content":{"rendered":"<div class=\"wp-block-image\">\n<figure class=\"alignright size-large\"><img decoding=\"async\" src=\"https:\/\/www.sitercl.com\/Clubs\/France\/marseilo.gif\" alt=\"\"\/><\/figure>\n<\/div>\n\n\n<p>Ce dimanche, le RC Lens va jouer son premier d\u00e9placement p\u00e9rilleux sur les deux qui l\u2019attendent pour la fin de la saison. Cela commence donc par un d\u00e9placement \u00e0 Marseille (coup d\u2019envoi \u00e0 21h00) avant d\u2019aller affronter le Stade Rennais dans quinze jours\u2026<\/p>\n\n\n\n<p>L\u2019OM qui joue peut-\u00eatre l\u00e0 sa derni\u00e8re chance d\u2019obtenir une place europ\u00e9enne la saison prochaine par le championnat. Il est actuellement 8e du classement avec 41 points (5 de moins que le RCL) correspondant \u00e0 10 victoires, 11 nuls et 9 d\u00e9faites.<\/p>\n\n\n\n<p>Un d\u00e9placement p\u00e9rilleux pour les Lensois, il suffit simplement de rappeler que l\u2019OM n\u2019a perdu cette saison en championnat qu\u2019un seul match \u00e0 domicile (8 victoires), c&rsquo;\u00e9tait face au PSG. Seuls les 6 nuls le font descendre \u00e0 la 3e place du classement \u00e0 domicile, derri\u00e8re le LOSC et les Parisiens.<\/p>\n\n\n\n<p>Et il faudra surveiller plus particuli\u00e8rement un joueur, Pierre-Emerick Aubameyang. Meilleur buteur du club avec 13 buts, il est aussi le meilleur passeur avec 5 passes d\u00e9cisives.<\/p>\n\n\n\n<p>L\u2019OM qui est la 3e attaque du championnat avec 45 buts inscrits depuis le d\u00e9but de la saison.&nbsp; Sa d\u00e9fense se classe, elle, 7e avec 37 buts encaiss\u00e9s.<\/p>\n\n\n\n<p><strong>Les derniers r\u00e9sultats de l&rsquo;OM<\/strong> :<br>Pour rappel, l&rsquo;OM a jou\u00e9 un match en retard mercredi face \u00e0 Nice. Il pourrait avoir son importance au niveau physique d&rsquo;autant plus, et est-il n\u00e9cessaire vraiment de le rappeler, que les Phoc\u00e9ens continuent de jouer la Ligue Europa. Une comp\u00e9tition qui prend de l&rsquo;\u00e9nergie et qui peut \u00e9ventuellement expliquer une baisse de r\u00e9gime de Marseille en championnat. Il reste ainsi sur 5 matches sans victoire (2 nuls et 3 d\u00e9faites) en championnat.<\/p>\n\n\n\n<p>J29 de L1, OM 2-2 Nice<br>J30 de L1, Toulouse 2-2 OM<br>J28 de L1, Lille 3-1 OM<br>J27 de L1, OM 0-2 PSG<br>J26 de L1, Rennes 2-0 OM<br>J25 de L1, OM 2-0 Nantes<\/p>\n\n\n\n<p><strong>Les derni\u00e8res confrontations entre les deux clubs<\/strong> :<\/p>\n\n\n\n<p>Au match aller, dans une rencontre o\u00f9 le secteur offensif n&rsquo;a pas \u00e9t\u00e9 \u00e0 la f\u00eate c&rsquo;est le RC Lens qui a fait la diff\u00e9rence en toute fin de rencontre (<a href=\"https:\/\/www.sitercl.com\/Matches\/2023-24\/Champion\/Domicile\/marseilo.htm\">1-0<\/a>) gr\u00e2ce \u00e0 Gradit qui ne pourra donc pas remettre cela puisqu&rsquo;il est suspendu.<\/p>\n\n\n\n<p>Et au stade V\u00e9lodrome, le RC Lens reste sur trois victoires depuis son retour en Ligue 1 ! C&rsquo;\u00e9tait donc le cas la saison pass\u00e9e, avec un but marqu\u00e9 par Pereira Da Costa (<a href=\"https:\/\/www.sitercl.com\/Matches\/2022-23\/Champion\/Ext\/marseilo.htm\">0-1<\/a>).<\/p>\n\n\n\n<p>=&gt; Retrouvez les <a href=\"https:\/\/www.sitercl.com\/Clubs\/France\/marseilo.htm\">derni\u00e8res confrontations<\/a> entre les deux clubs.<\/p>\n\n\n\n<p><strong>Les groupes<\/strong> :<\/p>\n\n\n\n<p><em>Pour l&rsquo;OM<\/em> :<br>Lopez, Blanco, Van Neck; Balerdi, Murillo, Garcia, Daou, Gigot, Clauss; Ounahi, Kondogbia, Gueye, Veretout, Harit, Onana; Aubameyang, Ndiaye, Henrique, Correa, Bakola, Sarr<\/p>\n\n\n\n<p>L&rsquo;OM devra faire sans Chancel Mbemba, Valentin Rongier, Bilal Nadir, Simon Ngapandouetnbu, Quentin Merlin et Bamo M\u00e9\u00eft\u00e9 tous bless\u00e9s.&nbsp;Et Faris Moumbagna&nbsp;est suspendu pour la rencontre.<\/p>\n\n\n\n<p><em>Pour Lens&nbsp;<\/em>:<br>Leca, Samba \u2013 Aguilar, Machado, Danso, Ch\u00e1vez, Medina, Frankowski, Ha\u00efdara \u2013 Pereira Da Costa, Fulgini, Diouf, El Aynaoui, Mendy, Thomasson \u2013 Sotoca, Wahi, Sa\u00efd, Guilavogui, Sishuba.<\/p>\n\n\n\n<p>Ruben Aguilar, Jhoanner Ch\u00e1vez et Wesley Sa\u00efd font leur retour dans le groupe lensois, tandis que Salis Abdul Samed (pied), Jimmy Cabot (genou), Jonathan Gradit (suspendu) et Abdukodir Khusanov (s\u00e9lection) sont absents.<\/p>\n\n\n\n<p><em>L&rsquo;arbitre <\/em>:<br>Pour <a href=\"https:\/\/www.sitercl.com\/News\/?post_type=post&amp;p=12635\">rappel<\/a>, il s&rsquo;agit de M. \u00c9ric WATTELLIER.<\/p>\n\n\n\n<p><strong>Quelques stats<\/strong> :<br>\u2013 Le RC Lens a marqu\u00e9 au moins un but lors de ses douze derniers matches de championnat cette saison. Mais seulement un seul but par rencontre lors de ses six derniers matches !<br>&#8211; Aucune \u00e9quipe n\u2019a encaiss\u00e9 plus de buts \u00e0 la suite d\u2019un corner en Ligue 1 cette saison que Marseille (7).<\/p>\n\n\n\n<p><strong>Quelques autres informations<\/strong> :<br>\u2013 La rencontre sera diffus\u00e9e en direct sur&nbsp;<a href=\"https:\/\/www.primevideo.com\/?tag=lesitedurclet-21\" target=\"_blank\" rel=\"noreferrer noopener\">Prime Video<\/a>.<br>&#8211; Exceptionnellement pour un match du dimanche soir, il d\u00e9bute \u00e0 21h et non 20h45 comme habituellement. La raison, un match d\u00e9bute \u00e0 19h d\u00e9j\u00e0 sur Prime (OL \u2013 AS Monaco) le m\u00eame jour et le diffuseur veut 2h mini entre les matches&#8230;<br>&#8211; Comme le stade Bollaert-Delelis de Lens, le Stade V\u00e9lodrome fait recette pour les matches de l&rsquo;OM. Sans surprise, la rencontre se joue \u00e0 guichets ferm\u00e9s. Ouverture des parvis et des portes \u00e0 19h15. Dont 1 463 supporters lensois \u00e0 prendre place au sein du parcage visiteurs.<\/p>\n","protected":false},"excerpt":{"rendered":"<p>Ce dimanche, le RC Lens va jouer son premier d\u00e9placement p\u00e9rilleux sur les deux qui l\u2019attendent pour la fin de la saison. Cela commence donc par un d\u00e9placement \u00e0 Marseille (coup d\u2019envoi \u00e0 21h00) avant d\u2019aller affronter le Stade Rennais dans quinze jours\u2026 L\u2019OM qui joue peut-\u00eatre l\u00e0 sa derni\u00e8re chance d\u2019obtenir une place europ\u00e9enne &hellip; <a href=\"https:\/\/www.sitercl.com\/News\/?p=12642\" class=\"more-link\">Continuer la lecture<span class=\"screen-reader-text\"> de &laquo;&nbsp;Pr\u00e9sentation de OM &#8211; Lens&nbsp;&raquo;<\/span><\/a><\/p>\n","protected":false},"author":2,"featured_media":0,"comment_status":"closed","ping_status":"open","sticky":false,"template":"","format":"standard","meta":{"footnotes":""},"categories":[2],"tags":[11,151,387,12],"class_list":["post-12642","post","type-post","status-publish","format-standard","hentry","category-infos","tag-groupes","tag-ligue-1","tag-marseille","tag-stats"],"_links":{"self":[{"href":"https:\/\/www.sitercl.com\/News\/index.php?rest_route=\/wp\/v2\/posts\/12642","targetHints":{"allow":["GET"]}}],"collection":[{"href":"https:\/\/www.sitercl.com\/News\/index.php?rest_route=\/wp\/v2\/posts"}],"about":[{"href":"https:\/\/www.sitercl.com\/News\/index.php?rest_route=\/wp\/v2\/types\/post"}],"author":[{"embeddable":true,"href":"https:\/\/www.sitercl.com\/News\/index.php?rest_route=\/wp\/v2\/users\/2"}],"replies":[{"embeddable":true,"href":"https:\/\/www.sitercl.com\/News\/index.php?rest_route=%2Fwp%2Fv2%2Fcomments&post=12642"}],"version-history":[{"count":7,"href":"https:\/\/www.sitercl.com\/News\/index.php?rest_route=\/wp\/v2\/posts\/12642\/revisions"}],"predecessor-version":[{"id":12665,"href":"https:\/\/www.sitercl.com\/News\/index.php?rest_route=\/wp\/v2\/posts\/12642\/revisions\/12665"}],"wp:attachment":[{"href":"https:\/\/www.sitercl.com\/News\/index.php?rest_route=%2Fwp%2Fv2%2Fmedia&parent=12642"}],"wp:term":[{"taxonomy":"category","embeddable":true,"href":"https:\/\/www.sitercl.com\/News\/index.php?rest_route=%2Fwp%2Fv2%2Fcategories&post=12642"},{"taxonomy":"post_tag","embeddable":true,"href":"https:\/\/www.sitercl.com\/News\/index.php?rest_route=%2Fwp%2Fv2%2Ftags&post=12642"}],"curies":[{"name":"wp","href":"https:\/\/api.w.org\/{rel}","templated":true}]}}