{"id":12645,"date":"2024-04-29T16:36:38","date_gmt":"2024-04-29T14:36:38","guid":{"rendered":"https:\/\/www.sitercl.com\/News\/?p=12645"},"modified":"2024-04-29T16:36:38","modified_gmt":"2024-04-29T14:36:38","slug":"revue-de-presse-om-rcl","status":"publish","type":"post","link":"https:\/\/www.sitercl.com\/News\/?p=12645","title":{"rendered":"Revue de presse OM &#8211; RCL"},"content":{"rendered":"\n<p>Retrouvez une s\u00e9lection d&rsquo;articles du Web sur la rencontre de la 31e journ\u00e9e de Ligue 1 Uber Eats saison 2023\/2024 entre l&rsquo;Olympique de Marseille et le Racing Club de Lens (2-1)&#8230;<br><br><b>www.lavoixdunord.fr<\/b> :<br>-28\/04\/2024 <a href=\"https:\/\/www.lavoixdunord.fr\/1456888\/article\/2024-04-28\/marseille-lens-les-sang-et-or-se-tirent-deux-balles-dans-le-pied\" target=\"_blank\" rel=\"noopener\">Marseille &#8211; Lens : les Sang et Or se tirent deux balles dans le pied<\/a><br>-29\/04\/2024 <a href=\"https:\/\/www.lavoixdunord.fr\/1456985\/article\/2024-04-29\/football-le-rc-lens-face-l-usure\" target=\"_blank\" rel=\"noopener\">\u00ab On est ensemble \u00bb : \u00e0 trois journ\u00e9es de la fin, le RC Lens face \u00e0 l\u2019usure<\/a><br><br><b>www.lequipe.fr<\/b> :<br>-28\/04\/2024 <a href=\"https:\/\/www.lequipe.fr\/Football\/Actualites\/Porte-par-aubameyang-l-om-retrouve-la-victoire-face-a-lens\/1464077\" target=\"_blank\" rel=\"noopener\">Port\u00e9 par Aubameyang, l&rsquo;OM retrouve la victoire face \u00e0 Lens<\/a><br><br><b>www.maxifoot.fr<\/b> :<br>-29\/04\/2024 <a href=\"https:\/\/www.maxifoot.fr\/football\/article-57588.htm\" target=\"_blank\" rel=\"noopener\">Marseille n&rsquo;a pas dit son dernier mot ! &#8211; D\u00e9brief et NOTES des joueurs (OM 2-1 RCL)<\/a><br><br><b>www.eurosport.fr<\/b> :<br>-28\/04\/2024 <a href=\"https:\/\/www.eurosport.fr\/football\/ligue-1\/2023-2024\/ligue-1-om-lens-2-1-a-marseille-les-coeurs-suppleent-les-corps-on-donne-tout_sto10121755\/story.shtml\" target=\"_blank\" rel=\"noopener\">OM &#8211; Lens (2-1) : A Marseille, les c\u0153urs suppl\u00e9ent les corps : \u00ab\u00a0ON DONNE TOUT\u00a0\u00bb<\/a><br><br><b>www.laprovence.com<\/b> :<br>-29\/04\/2024 <a href=\"https:\/\/www.laprovence.com\/article\/om\/1165132322668815\/om-2-1-lens-jaime-quand-ils-sont-un-peu-fous-comme-ca-lance-gasset-decouvrez-la-reaction-du-coach-olympien\" target=\"_blank\" rel=\"noopener\">OM 2-1 Lens : \u00ab\u00a0J&rsquo;aime quand ils sont un peu fous comme \u00e7a\u00a0\u00bb, lance Gasset&#8230; d\u00e9couvrez la r\u00e9action du coach olympien<\/a><br>-29\/04\/2024 <a href=\"https:\/\/www.laprovence.com\/article\/om\/18609135504787\/om-2-1-lens-jai-la-chance-de-marquer-devant-tout-mon-quartier-se-rejouit-gueye-decouvrez-les-reactions-dapres-match\" target=\"_blank\" rel=\"noopener\">OM 2-1 Lens : \u00ab\u00a0J&rsquo;ai la chance de marquer devant tout mon quartier\u00a0\u00bb, se r\u00e9jouit Gueye&#8230; d\u00e9couvrez les r\u00e9actions d&rsquo;apr\u00e8s-match<\/a><br>-28\/04\/2024 <a href=\"https:\/\/www.laprovence.com\/article\/om\/43151059386362\/om-2-1-lens-gueye-a-tout-fait-lopez-et-gigot-solides-decouvrez-les-notes-des-olympiens\" target=\"_blank\" rel=\"noopener\">OM 2-1 Lens : Gueye a tout fait, Lopez et Gigot solides&#8230; d\u00e9couvrez les notes des Olympiens<\/a><\/p>\n\n\n<div class=\"wp-block-image\">\n<figure class=\"aligncenter size-full\"><img loading=\"lazy\" decoding=\"async\" width=\"173\" height=\"2\" src=\"https:\/\/www.sitercl.com\/News\/wp-content\/uploads\/2022\/03\/NAVIsep3.gif\" alt=\"\" class=\"wp-image-7319\"\/><\/figure>\n<\/div>\n\n\n<p><strong><em>Avant match&#8230;<\/em><\/strong><br><br><b>www.lavoixdunord.fr<\/b> :<br>-27\/04\/2024 <a href=\"https:\/\/www.lavoixdunord.fr\/1456369\/article\/2024-04-27\/marseille-lens-elye-wahi-apte-siffler-la-fin-de-partie\" target=\"_blank\" rel=\"noopener\">Marseille &#8211; Lens : Elye Wahi apte \u00e0 siffler la fin de partie<\/a><br>-27\/04\/2024 <a href=\"https:\/\/www.lavoixdunord.fr\/1456357\/article\/2024-04-27\/marseille-lens-le-superbe-hommage-de-jean-louis-gasset-franck-haise\" target=\"_blank\" rel=\"noopener\">Marseille &#8211; Lens : le superbe hommage de Jean-Louis Gasset \u00e0 Franck Haise<\/a><br>-27\/04\/2024 <a href=\"https:\/\/www.lavoixdunord.fr\/1456359\/article\/2024-04-27\/marseille-lens-sur-quelle-chaine-et-quelle-heure-voir-le-match\" target=\"_blank\" rel=\"noopener\">Marseille &#8211; Lens : sur quelle chaine et \u00e0 quelle heure voir le match ?<\/a><br>-26\/04\/2024 <a href=\"https:\/\/www.lavoixdunord.fr\/1456134\/article\/2024-04-26\/marseille-lens-brice-samba-annonce-la-couleur-contre-l-om-un-match-six-points-un\" target=\"_blank\" rel=\"noopener\">Marseille &#8211; Lens : Brice Samba annonce la couleur contre l\u2019OM, \u00ab un match \u00e0 six points, un gros combat \u00bb<\/a><br>-26\/04\/2024 <a href=\"https:\/\/www.lavoixdunord.fr\/1456144\/article\/2024-04-26\/marseille-lens-franck-haise-je-suis-en-tout-petit-allez-voir-mon-collegue-paulo\" target=\"_blank\" rel=\"noopener\">Marseille &#8211; Lens : Franck Haise \u00e0 l\u2019OM ? \u00ab Je suis en tout petit, allez voir mon coll\u00e8gue Paulo ! \u00bb<\/a><br>-26\/04\/2024 <a href=\"https:\/\/www.lavoixdunord.fr\/1456281\/article\/2024-04-26\/marseille-lens-les-sang-et-or-ont-l-europe-securiser\" target=\"_blank\" rel=\"noopener\">Marseille &#8211; Lens : les Sang et Or ont l\u2019Europe \u00e0 s\u00e9curiser<\/a><br>-26\/04\/2024 <a href=\"https:\/\/www.lavoixdunord.fr\/1456117\/article\/2024-04-26\/marseille-lens-sans-gradit-ni-khusanov-au-velodrome-abdul-samed-tres-incertain\" target=\"_blank\" rel=\"noopener\">Marseille \u2013 Lens : sans Gradit ni Khusanov au V\u00e9lodrome, Abdul Samed tr\u00e8s incertain<\/a><br><br><b>madeinfoot.ouest-france.fr<\/b> :<br>-27\/04\/2024 <a href=\"https:\/\/madeinfoot.ouest-france.fr\/infos\/article-rc-lens-le-groupe-affaibli-de-franck-haise-pour-le-match-contre-l-om-443169.html\" target=\"_blank\" rel=\"noopener\">RC Lens : Le groupe affaibli de Franck Haise pour le match contre l&rsquo;OM<\/a><br><br><b>www.lequipe.fr<\/b> :<br>-26\/04\/2024 <a href=\"https:\/\/www.lequipe.fr\/Football\/Actualites\/Jean-louis-gasset-om-avant-la-reception-de-lens-l-objectif-est-de-finir-europeens\/1463619\" target=\"_blank\" rel=\"noopener\">Jean-Louis Gasset (OM) avant la r\u00e9ception de Lens : \u00ab L&rsquo;objectif est de finir europ\u00e9ens \u00bb<\/a><br>-26\/04\/2024 <a href=\"https:\/\/www.lequipe.fr\/Football\/Actualites\/Jonathan-gradit-et-abdukodir-khusanov-absents-avec-lens-face-a-l-om\/1463522\" target=\"_blank\" rel=\"noopener\">Jonathan Gradit et Abdukodir Khusanov absents avec Lens face \u00e0 l&rsquo;OM<\/a><br><br><b>www.90min.com<\/b> :<br>-26\/04\/2024 <a href=\"https:\/\/www.90min.com\/fr\/posts\/om-rc-lens-les-compos-probables-blesses-et-les-news-de-ce-choc-de-ligue-1-au-velodrome-28-04-2024\" target=\"_blank\" rel=\"noopener\">OM &#8211; RC Lens : Les compos probables, bless\u00e9s et les news de ce choc de Ligue 1 au V\u00e9lodrome<\/a><br><br><b>www.ligue1.fr<\/b> :<br>-24\/04\/2024 <a href=\"https:\/\/www.ligue1.fr\/Articles\/Interviews\/2024\/04\/22\/rc-lens-dans-les-coulisses-du-metier-de-team-manager\" target=\"_blank\" rel=\"noopener\">RC Lens : Dans les coulisses du m\u00e9tier de team manager<\/a><br><br><b>www.footmercato.net<\/b> :<br>-28\/04\/2024 <a href=\"https:\/\/www.footmercato.net\/a2169711657126375580-om-lens-le-groupe-de-jean-louis-gasset-sans-chancel-mbemba\" target=\"_blank\" rel=\"noopener\">OM-Lens: le groupe de Jean-Louis Gasset sans Chancel Mbemba<\/a><br><br><b>www.sports.fr<\/b> :<br>-27\/04\/2024 <a href=\"https:\/\/www.sports.fr\/football\/marseille\/gasset-se-montre-categorique-827992.html\" target=\"_blank\" rel=\"noopener\">Gasset se montre cat\u00e9gorique<\/a><br><br><b>www.laprovence.com<\/b> :<br>-28\/04\/2024 <a href=\"https:\/\/www.laprovence.com\/article\/om\/1124495580621415\/om-lens-clauss-titulaire-ndiaye-de-retour-les-compositions-dequipe-probables\" target=\"_blank\" rel=\"noopener\">OM-Lens : Clauss titulaire, Ndiaye de retour&#8230; les compositions d&rsquo;\u00e9quipe probables<\/a><br>-28\/04\/2024 <a href=\"https:\/\/www.laprovence.com\/article\/om\/78030362702116\/om-lens-seydou-keita-maoulida-alou-diarra-ils-ont-porte-les-deux-maillots\" target=\"_blank\" rel=\"noopener\">OM &#8211; OM-Lens : Seydou Keita, Maoulida, Alou Diarra &#8230; ils ont port\u00e9 les deux maillots<\/a><br>-27\/04\/2024 <a href=\"https:\/\/www.laprovence.com\/article\/om\/5502651131571\/om-lens-est-un-match-cle-pour-la-fin-de-saison-insiste-lancien-olympien-frederic-meyrieu\" target=\"_blank\" rel=\"noopener\">OM. \u00ab\u00a0Lens est un match cl\u00e9 pour la fin de saison\u00a0\u00bb, insiste l&rsquo;ancien Olympien Fr\u00e9d\u00e9ric Meyrieu<\/a><br>-27\/04\/2024 <a href=\"https:\/\/www.laprovence.com\/article\/om\/64261714327386\/om-lens-pourquoi-le-coup-denvoi-de-ce-match-de-la-31e-journee-est-donne-a-21h-et-pas-a-20h45\" target=\"_blank\" rel=\"noopener\">OM-Lens. Pourquoi le coup d&rsquo;envoi de ce match de la 31e journ\u00e9e est donn\u00e9 \u00e0 21h et pas \u00e0 20h45<\/a><\/p>\n","protected":false},"excerpt":{"rendered":"<p>Retrouvez une s\u00e9lection d&rsquo;articles du Web sur la rencontre de la 31e journ\u00e9e de Ligue 1 Uber Eats saison 2023\/2024 entre l&rsquo;Olympique de Marseille et le Racing Club de Lens (2-1)&#8230; www.lavoixdunord.fr :-28\/04\/2024 Marseille &#8211; Lens : les Sang et Or se tirent deux balles dans le pied-29\/04\/2024 \u00ab On est ensemble \u00bb : \u00e0 &hellip; <a href=\"https:\/\/www.sitercl.com\/News\/?p=12645\" class=\"more-link\">Continuer la lecture<span class=\"screen-reader-text\"> de &laquo;&nbsp;Revue de presse OM &#8211; RCL&nbsp;&raquo;<\/span><\/a><\/p>\n","protected":false},"author":2,"featured_media":0,"comment_status":"closed","ping_status":"open","sticky":false,"template":"","format":"standard","meta":{"footnotes":""},"categories":[6],"tags":[13,151,387],"class_list":["post-12645","post","type-post","status-publish","format-standard","hentry","category-revue-du-web","tag-internet","tag-ligue-1","tag-marseille"],"_links":{"self":[{"href":"https:\/\/www.sitercl.com\/News\/index.php?rest_route=\/wp\/v2\/posts\/12645","targetHints":{"allow":["GET"]}}],"collection":[{"href":"https:\/\/www.sitercl.com\/News\/index.php?rest_route=\/wp\/v2\/posts"}],"about":[{"href":"https:\/\/www.sitercl.com\/News\/index.php?rest_route=\/wp\/v2\/types\/post"}],"author":[{"embeddable":true,"href":"https:\/\/www.sitercl.com\/News\/index.php?rest_route=\/wp\/v2\/users\/2"}],"replies":[{"embeddable":true,"href":"https:\/\/www.sitercl.com\/News\/index.php?rest_route=%2Fwp%2Fv2%2Fcomments&post=12645"}],"version-history":[{"count":4,"href":"https:\/\/www.sitercl.com\/News\/index.php?rest_route=\/wp\/v2\/posts\/12645\/revisions"}],"predecessor-version":[{"id":12664,"href":"https:\/\/www.sitercl.com\/News\/index.php?rest_route=\/wp\/v2\/posts\/12645\/revisions\/12664"}],"wp:attachment":[{"href":"https:\/\/www.sitercl.com\/News\/index.php?rest_route=%2Fwp%2Fv2%2Fmedia&parent=12645"}],"wp:term":[{"taxonomy":"category","embeddable":true,"href":"https:\/\/www.sitercl.com\/News\/index.php?rest_route=%2Fwp%2Fv2%2Fcategories&post=12645"},{"taxonomy":"post_tag","embeddable":true,"href":"https:\/\/www.sitercl.com\/News\/index.php?rest_route=%2Fwp%2Fv2%2Ftags&post=12645"}],"curies":[{"name":"wp","href":"https:\/\/api.w.org\/{rel}","templated":true}]}}