{"id":12675,"date":"2024-05-01T17:31:48","date_gmt":"2024-05-01T15:31:48","guid":{"rendered":"https:\/\/www.sitercl.com\/News\/?p=12675"},"modified":"2024-05-01T17:31:48","modified_gmt":"2024-05-01T15:31:48","slug":"carlos-teran-bien-piste","status":"publish","type":"post","link":"https:\/\/www.sitercl.com\/News\/?p=12675","title":{"rendered":"Carlos Teran bien pist\u00e9&#8230;"},"content":{"rendered":"<div class=\"wp-block-image\">\n<figure class=\"alignright size-full\"><img loading=\"lazy\" decoding=\"async\" width=\"180\" height=\"150\" src=\"https:\/\/www.sitercl.com\/News\/wp-content\/uploads\/2018\/12\/transfer.jpg\" alt=\"\" class=\"wp-image-374\"\/><\/figure>\n<\/div>\n\n\n<p>Selon<em> La Voix Du Nord<\/em>, la piste, d\u00e9j\u00e0 \u00e9voqu\u00e9e <a href=\"https:\/\/www.sitercl.com\/News\/?p=12637\">ici<\/a>, du Colombien de 24 ans, Carlos Teran, jouant depuis quatre ans en MLS au Chicago Fire (l\u2019ancien club de Przemyslaw Frankowski,) est bien r\u00e9elle.<br>Le quotidien r\u00e9gional qui \u00e9voque \u00e9galement une piste mais sans citer de nom, vers un international espoirs allemand de Bundesliga.<\/p>\n\n\n\n<p>Pour Carlos Teran\u00a0(1,88 m, 85 kg), ce serait bien s\u00fbr dans l&rsquo;optique d&rsquo;un remplacement de Kevin Danso qu&rsquo;on annonce sur le d\u00e9part. M\u00eame s&rsquo;il a peu jou\u00e9 suite \u00e0 diverses blessures cette saison, il reste vu par beaucoup d&rsquo;initi\u00e9s comme un joueur prometteur. Il faudra toutefois que le RC Lens respecte avant le nombre d&rsquo;extracommunautaires (4 possibles en L1) pour le faire venir car il a d\u00e9j\u00e0 dans son effectif, Medina, Khusanov, Machado, Chavez (en pr\u00eat avec option d&rsquo;achat) et Cort\u00e8s (pr\u00eat\u00e9 actuellement aux Glasgow Rangers, avec option d\u2019achat \u00e9galement).<\/p>\n","protected":false},"excerpt":{"rendered":"<p>Selon La Voix Du Nord, la piste, d\u00e9j\u00e0 \u00e9voqu\u00e9e ici, du Colombien de 24 ans, Carlos Teran, jouant depuis quatre ans en MLS au Chicago Fire (l\u2019ancien club de Przemyslaw Frankowski,) est bien r\u00e9elle.Le quotidien r\u00e9gional qui \u00e9voque \u00e9galement une piste mais sans citer de nom, vers un international espoirs allemand de Bundesliga. Pour Carlos &hellip; <a href=\"https:\/\/www.sitercl.com\/News\/?p=12675\" class=\"more-link\">Continuer la lecture<span class=\"screen-reader-text\"> de &laquo;&nbsp;Carlos Teran bien pist\u00e9&#8230;&nbsp;&raquo;<\/span><\/a><\/p>\n","protected":false},"author":2,"featured_media":0,"comment_status":"closed","ping_status":"open","sticky":false,"template":"","format":"standard","meta":{"footnotes":""},"categories":[2],"tags":[457,64,649],"class_list":["post-12675","post","type-post","status-publish","format-standard","hentry","category-infos","tag-chicago","tag-mercato","tag-teran"],"_links":{"self":[{"href":"https:\/\/www.sitercl.com\/News\/index.php?rest_route=\/wp\/v2\/posts\/12675","targetHints":{"allow":["GET"]}}],"collection":[{"href":"https:\/\/www.sitercl.com\/News\/index.php?rest_route=\/wp\/v2\/posts"}],"about":[{"href":"https:\/\/www.sitercl.com\/News\/index.php?rest_route=\/wp\/v2\/types\/post"}],"author":[{"embeddable":true,"href":"https:\/\/www.sitercl.com\/News\/index.php?rest_route=\/wp\/v2\/users\/2"}],"replies":[{"embeddable":true,"href":"https:\/\/www.sitercl.com\/News\/index.php?rest_route=%2Fwp%2Fv2%2Fcomments&post=12675"}],"version-history":[{"count":1,"href":"https:\/\/www.sitercl.com\/News\/index.php?rest_route=\/wp\/v2\/posts\/12675\/revisions"}],"predecessor-version":[{"id":12676,"href":"https:\/\/www.sitercl.com\/News\/index.php?rest_route=\/wp\/v2\/posts\/12675\/revisions\/12676"}],"wp:attachment":[{"href":"https:\/\/www.sitercl.com\/News\/index.php?rest_route=%2Fwp%2Fv2%2Fmedia&parent=12675"}],"wp:term":[{"taxonomy":"category","embeddable":true,"href":"https:\/\/www.sitercl.com\/News\/index.php?rest_route=%2Fwp%2Fv2%2Fcategories&post=12675"},{"taxonomy":"post_tag","embeddable":true,"href":"https:\/\/www.sitercl.com\/News\/index.php?rest_route=%2Fwp%2Fv2%2Ftags&post=12675"}],"curies":[{"name":"wp","href":"https:\/\/api.w.org\/{rel}","templated":true}]}}