{"id":12677,"date":"2024-05-02T20:39:42","date_gmt":"2024-05-02T18:39:42","guid":{"rendered":"https:\/\/www.sitercl.com\/News\/?p=12677"},"modified":"2024-05-06T19:33:22","modified_gmt":"2024-05-06T17:33:22","slug":"revue-du-web-lens-lorient-2","status":"publish","type":"post","link":"https:\/\/www.sitercl.com\/News\/?p=12677","title":{"rendered":"Revue du Web Lens &#8211; Lorient"},"content":{"rendered":"<div class=\"wp-block-image\">\n<figure class=\"alignright size-full\"><img loading=\"lazy\" decoding=\"async\" width=\"150\" height=\"106\" src=\"https:\/\/www.sitercl.com\/News\/wp-content\/uploads\/2019\/01\/clavball.png\" alt=\"\" class=\"wp-image-587\"\/><\/figure>\n<\/div>\n\n\n<p>Retrouvez une s\u00e9lection d&rsquo;articles du Web sur la rencontre de la 32e journ\u00e9e de Ligue 1 Uber Eats saison 2023\/2024 entre le RC Lorient et le FC Lorient (2-0)&#8230;<br><br><b>www.lavoixdunord.fr<\/b> :<br>-06\/05\/2024 <a href=\"https:\/\/www.lavoixdunord.fr\/1459182\/article\/2024-05-06\/wahi-thomasson-pereira-da-costa-comment-ces-lensois-sont-revenus-dans-le-jeu\" target=\"_blank\" rel=\"noopener\">Wahi, Thomasson, Pereira da Costa&#8230; Comment ces Lensois sont revenus dans le \u00ab jeu \u00bb<\/a><br>-06\/05\/2024 <a href=\"https:\/\/www.lavoixdunord.fr\/1459086\/article\/2024-05-06\/les-cartes-en-main-lens-plus-leger-pour-la-fin\" target=\"_blank\" rel=\"noopener\">\u00ab On a les cartes en main \u00bb : Lens plus l\u00e9ger pour la fin ?<\/a><br>-04\/05\/2024 <a href=\"https:\/\/www.lavoixdunord.fr\/1458517\/article\/2024-05-04\/lens-lorient-fin-de-saison-probable-pour-danso\" target=\"_blank\" rel=\"noopener\">Lens \u2013 Lorient : fin de saison probable pour Danso<\/a><br>-04\/05\/2024 <a href=\"https:\/\/www.lavoixdunord.fr\/1458516\/article\/2024-05-04\/lens-lorient-cette-victoire-va-nous-faire-du-bien-peut-etre-fiers-assure-elye\" target=\"_blank\" rel=\"noopener\">Lens \u2013 Lorient : \u00ab Cette victoire va nous faire du bien, on peut \u00eatre fiers \u00bb, assure Elye Wahi<\/a><br>-04\/05\/2024 <a href=\"https:\/\/www.lavoixdunord.fr\/1458617\/article\/2024-05-04\/lens-lorient-il-fallait-vraiment-cette-victoire-va-bien-savourer-souffle-brice\" target=\"_blank\" rel=\"noopener\">Lens \u2013 Lorient : \u00ab Il fallait vraiment cette victoire, on va bien savourer \u00bb, souffle Brice Samba<\/a><br>-04\/05\/2024 <a href=\"https:\/\/www.lavoixdunord.fr\/1458659\/article\/2024-05-04\/lens-lorient-personne-n-compris-regis-le-bris-incredule-apres-le-refuse-pour-les\" target=\"_blank\" rel=\"noopener\">Lens &#8211; Lorient : \u00ab Personne n\u2019a compris \u00bb, R\u00e9gis Le Bris incr\u00e9dule apr\u00e8s le but refus\u00e9 pour les Merlus<\/a><br>-03\/05\/2024 <a href=\"https:\/\/www.lavoixdunord.fr\/1458511\/article\/2024-05-03\/lens-lorient-les-sang-et-or-se-liberent-enfin\" target=\"_blank\" rel=\"noopener\">Lens &#8211; Lorient : les Sang et Or se lib\u00e8rent enfin !<\/a><br><br><b>www.lequipe.fr<\/b> :<br>-04\/05\/2024 <a href=\"https:\/\/www.lequipe.fr\/Football\/Actualites\/Lens-se-relance-dans-la-course-a-l-europe-et-enfonce-un-peu-plus-lorient\/1465215\" target=\"_blank\" rel=\"noopener\">Lens se relance dans la course \u00e0 l&rsquo;Europe et enfonce un peu plus Lorient<\/a><br>-04\/05\/2024 <a href=\"https:\/\/www.lequipe.fr\/Football\/Actualites\/Franck-haise-apres-la-victoire-de-lens-contre-lorient-un-match-logiquement-gagne\/1465247\" target=\"_blank\" rel=\"noopener\">Franck Haise, apr\u00e8s la victoire de Lens contre Lorient : \u00ab Un match logiquement gagn\u00e9 \u00bb<\/a><br><br><b>www.90min.com<\/b> :<br>-03\/05\/2024 <a href=\"https:\/\/www.90min.com\/fr\/posts\/rc-lens-fc-lorient-2-0-les-notes-des-sang-et-or-vainqueurs-a-bollaert-des-merlus-03-05-2024\" target=\"_blank\" rel=\"noopener\">RC Lens &#8211; FC Lorient (2-0) : Les notes des Sang et Or vainqueurs \u00e0 Bollaert des Merlus<\/a><br><br><b>rmcsport.bfmtv.com<\/b> :<br>-03\/05\/2024 <a href=\"https:\/\/rmcsport.bfmtv.com\/football\/ligue-1\/lens-lorient-wahi-explique-sa-celebration-rageuse-a-la-messi-facve-aux-supporteurs_AP-202405030943.html\" target=\"_blank\" rel=\"noopener\">Lens-Lorient: Wahi explique sa c\u00e9l\u00e9bration rageuse \u00e0 la Messi face aux supporteurs<\/a><br><br><b>www.eurosport.fr<\/b> :<br>-03\/05\/2024 <a href=\"https:\/\/www.eurosport.fr\/football\/ligue-1\/2023-2024\/ligue-1-32e-journee-lens-bat-lorient-2-0-et-renforce-sa-6e-place-wahi-et-pereira-da-costa-buteurs_sto10128715\/story.shtml\" target=\"_blank\" rel=\"noopener\">Ligue 1 &#8211; 32e journ\u00e9e : Lens bat Lorient (2-0) et renforce sa 6e place, Wahi et Pereira Da Costa buteurs<\/a><br><br><b>www.lefigaro.fr<\/b> :<br>-03\/05\/2024 <a href=\"https:\/\/www.lefigaro.fr\/sports\/football\/ligue-1\/ligue-1-lens-enfonce-lorient-et-fait-un-grand-pas-vers-l-europe-20240503\" target=\"_blank\" rel=\"noopener\">Ligue 1 : Lens enfonce Lorient et fait un grand pas vers l&rsquo;Europe<\/a><br><br><b>www.ouest-france.fr<\/b> :<br>-04\/05\/2024 <a href=\"https:\/\/www.ouest-france.fr\/sport\/football\/ligue-1\/direct\/direct-rc-lens-fc-lorient-suivez-le-match-de-la-32e-journee-de-ligue-1-en-live-efd13820-1edb-48e7-b3f8-abe48615e7cf\" target=\"_blank\" rel=\"noopener\">Le RC Lens enfonce le FC Lorient et fait un pas de plus vers l\u2019Europe<\/a><br>-04\/05\/2024 <a href=\"https:\/\/www.ouest-france.fr\/sport\/football\/fc-lorient\/fc-lorient-regis-le-bris-nos-erreurs-sont-lourdes-de-consequence-b2076316-0996-11ef-943a-cd1e31449f57\" target=\"_blank\" rel=\"noopener\">FC Lorient. R\u00e9gis Le Bris : \u00ab Nos erreurs sont lourdes de cons\u00e9quence \u00bb<\/a><\/p>\n\n\n<div class=\"wp-block-image\">\n<figure class=\"aligncenter size-full\"><img loading=\"lazy\" decoding=\"async\" width=\"173\" height=\"2\" src=\"https:\/\/www.sitercl.com\/News\/wp-content\/uploads\/2022\/03\/NAVIsep3.gif\" alt=\"\" class=\"wp-image-7319\"\/><\/figure>\n<\/div>\n\n\n<p><strong><em>Avant match&#8230;<\/em><\/strong><br><br><b>www.lavoixdunord.fr<\/b> :<br>-02\/05\/2024 <a href=\"https:\/\/www.lavoixdunord.fr\/1458119\/article\/2024-05-02\/lens-lorient-j-en-ai-marre-d-evoquer-la-saison-derniere-s-agace-jonathan-gradit\" target=\"_blank\" rel=\"noopener\">Lens &#8211; Lorient : \u00ab J\u2019en ai marre d\u2019\u00e9voquer la saison derni\u00e8re \u00bb, s\u2019agace Jonathan Gradit<\/a><br>-02\/05\/2024 <a href=\"https:\/\/www.lavoixdunord.fr\/1458131\/article\/2024-05-02\/rc-lens-je-suis-sous-contrat-jusqu-en-2027-je-prepare-la-suite-assure-franck\" target=\"_blank\" rel=\"noopener\">RC Lens : \u00ab Je suis sous contrat jusqu\u2019en 2027, je pr\u00e9pare la suite \u00bb, assure Franck Haise<\/a><br>-02\/05\/2024 <a href=\"https:\/\/www.lavoixdunord.fr\/1458085\/article\/2024-05-02\/lens-lorient-fin-de-saison-pour-neil-el-aynaoui\" target=\"_blank\" rel=\"noopener\">Lens &#8211; Lorient : fin de saison pour Neil El Aynaoui<\/a><br><br><b>www.lequipe.fr<\/b> :<br>-02\/05\/2024 <a href=\"https:\/\/www.lequipe.fr\/Football\/Actualites\/Fin-de-saison-pour\/1464925\" target=\"_blank\" rel=\"noopener\">Fin de saison pour Neil El Aynaoui (RC Lens)<\/a><br><br><b>www.90min.com<\/b> :<br>-01\/05\/2024 <a href=\"https:\/\/www.90min.com\/fr\/posts\/rc-lens-fc-lorient-les-compos-probables-blesses-et-les-news-de-cette-rencontre-de-ligue-1-03-05-2024\" target=\"_blank\" rel=\"noopener\">RC Lens &#8211; FC Lorient : Les compos probables, bless\u00e9s et les news de cette rencontre de Ligue 1<\/a><br><br><b>rmcsport.bfmtv.com<\/b> :<br>-02\/05\/2024 <a href=\"https:\/\/rmcsport.bfmtv.com\/football\/ligue-1\/lens-je-suis-sous-contrat-je-prepare-la-saison-prochaine-assure-haise_VN-202405020870.html\" target=\"_blank\" rel=\"noopener\">Lens : \u00ab\u00a0Je suis sous contrat, je pr\u00e9pare la saison prochaine\u00a0\u00bb assure Haise<\/a><br><br><b>www.foot01.com<\/b> :<br>-30\/04\/2024 <a href=\"https:\/\/www.foot01.com\/equipe\/lens\/lens-ne-le-retiendra-plus-danso-exige-son-depart-436954\" target=\"_blank\" rel=\"noopener\">Lens ne le retiendra plus, Danso exige son d\u00e9part<\/a><br><br><b>actu.fr<\/b> :<br>-03\/05\/2024 <a href=\"https:\/\/actu.fr\/hauts-de-france\/lens_62498\/rc-lens-les-sang-et-or-dans-le-top-3-des-meilleurs-supporters-de-france-selon-une-etude_61026293.html\" target=\"_blank\" rel=\"noopener\">RC Lens. Les Sang et Or dans le top 3 des meilleurs supporters de France selon une \u00e9tude<\/a><br><br><b>www.letelegramme.fr<\/b> :<br>-02\/05\/2024 <a href=\"https:\/\/www.letelegramme.fr\/sports\/football\/fc-lorient\/lens-lorient-enjeux-compos-sur-quelle-chaine-voir-le-match-6576792.php\" target=\"_blank\" rel=\"noopener\">Lens &#8211; Lorient : enjeux, compos, sur quelle cha\u00eene voir le match<\/a><br>-02\/05\/2024 <a href=\"https:\/\/www.letelegramme.fr\/sports\/football\/fc-lorient\/lens-lorient-le-defenseur-formose-mendy-forfait-6576479.php\" target=\"_blank\" rel=\"noopener\">Lens &#8211; Lorient : le d\u00e9fenseur Formose Mendy forfait<\/a><br><br><b>www.ouest-france.fr<\/b> :<br>-03\/05\/2024 <a href=\"https:\/\/www.ouest-france.fr\/sport\/football\/fc-lorient\/fc-lorient-depassement-engagement-fierte-et-orgueil-regis-le-bris-devoile-sa-recette-06f7133e-0885-11ef-9b61-fca6986e7514\" target=\"_blank\" rel=\"noopener\">FC Lorient. \u00ab D\u00e9passement, engagement, fiert\u00e9 et orgueil \u00bb, R\u00e9gis Le Bris d\u00e9voile sa recette<\/a><br>-02\/05\/2024 <a href=\"https:\/\/www.ouest-france.fr\/sport\/football\/fc-lorient\/fc-lorient-un-groupe-sans-f-mendy-kari-et-dieng-face-a-lens-3d2ad0b6-089f-11ef-9b61-fca6986e7514\" target=\"_blank\" rel=\"noopener\">FC Lorient. Un groupe sans F. Mendy, Kari et Dieng face \u00e0 Lens<\/a><br>-02\/05\/2024 <a href=\"https:\/\/www.ouest-france.fr\/sport\/football\/fc-lorient\/fc-lorient-les-supporters-des-merlus-envahissent-le-terrain-pendant-la-seance-dentrainement-9e5b1874-088f-11ef-9b61-fca6986e7514\" target=\"_blank\" rel=\"noopener\">FC Lorient. Des supporters des Merlus envahissent le terrain pendant la s\u00e9ance d\u2019entra\u00eenement<\/a><br>-03\/05\/2024 <a href=\"https:\/\/www.ouest-france.fr\/sport\/football\/fc-lorient\/fc-lorient-les-chiffres-a-retenir-avant-le-deplacement-a-lens-c629a42e-0934-11ef-8dbf-6d0effde8a28\" target=\"_blank\" rel=\"noopener\">FC Lorient. Les chiffres \u00e0 retenir avant le d\u00e9placement \u00e0 Lens<\/a><\/p>\n","protected":false},"excerpt":{"rendered":"<p>Retrouvez une s\u00e9lection d&rsquo;articles du Web sur la rencontre de la 32e journ\u00e9e de Ligue 1 Uber Eats saison 2023\/2024 entre le RC Lorient et le FC Lorient (2-0)&#8230; www.lavoixdunord.fr :-06\/05\/2024 Wahi, Thomasson, Pereira da Costa&#8230; Comment ces Lensois sont revenus dans le \u00ab jeu \u00bb-06\/05\/2024 \u00ab On a les cartes en main \u00bb : &hellip; <a href=\"https:\/\/www.sitercl.com\/News\/?p=12677\" class=\"more-link\">Continuer la lecture<span class=\"screen-reader-text\"> de &laquo;&nbsp;Revue du Web Lens &#8211; Lorient&nbsp;&raquo;<\/span><\/a><\/p>\n","protected":false},"author":2,"featured_media":0,"comment_status":"closed","ping_status":"open","sticky":false,"template":"","format":"standard","meta":{"footnotes":""},"categories":[6],"tags":[13,151,40],"class_list":["post-12677","post","type-post","status-publish","format-standard","hentry","category-revue-du-web","tag-internet","tag-ligue-1","tag-lorient"],"_links":{"self":[{"href":"https:\/\/www.sitercl.com\/News\/index.php?rest_route=\/wp\/v2\/posts\/12677","targetHints":{"allow":["GET"]}}],"collection":[{"href":"https:\/\/www.sitercl.com\/News\/index.php?rest_route=\/wp\/v2\/posts"}],"about":[{"href":"https:\/\/www.sitercl.com\/News\/index.php?rest_route=\/wp\/v2\/types\/post"}],"author":[{"embeddable":true,"href":"https:\/\/www.sitercl.com\/News\/index.php?rest_route=\/wp\/v2\/users\/2"}],"replies":[{"embeddable":true,"href":"https:\/\/www.sitercl.com\/News\/index.php?rest_route=%2Fwp%2Fv2%2Fcomments&post=12677"}],"version-history":[{"count":10,"href":"https:\/\/www.sitercl.com\/News\/index.php?rest_route=\/wp\/v2\/posts\/12677\/revisions"}],"predecessor-version":[{"id":12708,"href":"https:\/\/www.sitercl.com\/News\/index.php?rest_route=\/wp\/v2\/posts\/12677\/revisions\/12708"}],"wp:attachment":[{"href":"https:\/\/www.sitercl.com\/News\/index.php?rest_route=%2Fwp%2Fv2%2Fmedia&parent=12677"}],"wp:term":[{"taxonomy":"category","embeddable":true,"href":"https:\/\/www.sitercl.com\/News\/index.php?rest_route=%2Fwp%2Fv2%2Fcategories&post=12677"},{"taxonomy":"post_tag","embeddable":true,"href":"https:\/\/www.sitercl.com\/News\/index.php?rest_route=%2Fwp%2Fv2%2Ftags&post=12677"}],"curies":[{"name":"wp","href":"https:\/\/api.w.org\/{rel}","templated":true}]}}