{"id":12864,"date":"2024-06-06T19:54:53","date_gmt":"2024-06-06T17:54:53","guid":{"rendered":"https:\/\/www.sitercl.com\/News\/?p=12864"},"modified":"2024-06-06T21:53:00","modified_gmt":"2024-06-06T19:53:00","slug":"officiel-pour-franck-haise","status":"publish","type":"post","link":"https:\/\/www.sitercl.com\/News\/?p=12864","title":{"rendered":"Officiel pour Franck Haise"},"content":{"rendered":"<div class=\"wp-block-image\">\n<figure class=\"alignright size-large\"><img decoding=\"async\" src=\"https:\/\/www.sitercl.com\/Fichejo\/H\/haisefra.gif\" alt=\"\"\/><\/figure>\n<\/div>\n\n\n<p>On attendait l&rsquo;officialisation, c&rsquo;est donc maintenant une certitude&#8230; Franck Haise s&rsquo;est engag\u00e9 pour trois saisons avec l&rsquo;OGC Nice.<br>Le technicien a choisi \u00ab <em>La Voix du Nord <\/em>\u00bb pour laisser un message de remerciements aux supporters que vous pouvez retrouver <a href=\"https:\/\/www.lavoixdunord.fr\/1470027\/article\/2024-06-06\/exclusif-rc-lens-franck-haise-sa-longue-et-emouvante-lettre-de-remerciements-au\" target=\"_blank\" rel=\"noreferrer noopener\">ICI<\/a>.<\/p>\n\n\n\n<p>A noter que le RC Lens a aussi remerci\u00e9 de son c\u00f4t\u00e9 son ancien entra\u00eeneur&#8230;<\/p>\n\n\n\n<p>L&rsquo;entra\u00eeneur lensois ne part pas seul, il sera accompagn\u00e9 par ses deux adjoints Lilian Nalis et Johann Ramar\u00e9, ainsi que d&rsquo;Alexandre Pasquini, analyste vid\u00e9o. A Nice, il n&rsquo;y retrouvera pas Florent Ghisolfi (d\u00e9part vers la Roma) mais Laurent Bessi\u00e8re, son ancien directeur de la performance \u00e0 Lens, et Ghislain Dubois, qui \u00e9tait son pr\u00e9parateur physique dans le Pas-de-Calais.<\/p>\n","protected":false},"excerpt":{"rendered":"<p>On attendait l&rsquo;officialisation, c&rsquo;est donc maintenant une certitude&#8230; Franck Haise s&rsquo;est engag\u00e9 pour trois saisons avec l&rsquo;OGC Nice.Le technicien a choisi \u00ab La Voix du Nord \u00bb pour laisser un message de remerciements aux supporters que vous pouvez retrouver ICI. A noter que le RC Lens a aussi remerci\u00e9 de son c\u00f4t\u00e9 son ancien entra\u00eeneur&#8230; &hellip; <a href=\"https:\/\/www.sitercl.com\/News\/?p=12864\" class=\"more-link\">Continuer la lecture<span class=\"screen-reader-text\"> de &laquo;&nbsp;Officiel pour Franck Haise&nbsp;&raquo;<\/span><\/a><\/p>\n","protected":false},"author":2,"featured_media":0,"comment_status":"closed","ping_status":"open","sticky":false,"template":"","format":"standard","meta":{"footnotes":""},"categories":[2],"tags":[279,13,64,352,58],"class_list":["post-12864","post","type-post","status-publish","format-standard","hentry","category-infos","tag-haise","tag-internet","tag-mercato","tag-nice","tag-transfert"],"_links":{"self":[{"href":"https:\/\/www.sitercl.com\/News\/index.php?rest_route=\/wp\/v2\/posts\/12864","targetHints":{"allow":["GET"]}}],"collection":[{"href":"https:\/\/www.sitercl.com\/News\/index.php?rest_route=\/wp\/v2\/posts"}],"about":[{"href":"https:\/\/www.sitercl.com\/News\/index.php?rest_route=\/wp\/v2\/types\/post"}],"author":[{"embeddable":true,"href":"https:\/\/www.sitercl.com\/News\/index.php?rest_route=\/wp\/v2\/users\/2"}],"replies":[{"embeddable":true,"href":"https:\/\/www.sitercl.com\/News\/index.php?rest_route=%2Fwp%2Fv2%2Fcomments&post=12864"}],"version-history":[{"count":4,"href":"https:\/\/www.sitercl.com\/News\/index.php?rest_route=\/wp\/v2\/posts\/12864\/revisions"}],"predecessor-version":[{"id":12868,"href":"https:\/\/www.sitercl.com\/News\/index.php?rest_route=\/wp\/v2\/posts\/12864\/revisions\/12868"}],"wp:attachment":[{"href":"https:\/\/www.sitercl.com\/News\/index.php?rest_route=%2Fwp%2Fv2%2Fmedia&parent=12864"}],"wp:term":[{"taxonomy":"category","embeddable":true,"href":"https:\/\/www.sitercl.com\/News\/index.php?rest_route=%2Fwp%2Fv2%2Fcategories&post=12864"},{"taxonomy":"post_tag","embeddable":true,"href":"https:\/\/www.sitercl.com\/News\/index.php?rest_route=%2Fwp%2Fv2%2Ftags&post=12864"}],"curies":[{"name":"wp","href":"https:\/\/api.w.org\/{rel}","templated":true}]}}