{"id":12885,"date":"2024-06-12T18:58:44","date_gmt":"2024-06-12T16:58:44","guid":{"rendered":"https:\/\/www.sitercl.com\/News\/?p=12885"},"modified":"2024-06-12T18:58:44","modified_gmt":"2024-06-12T16:58:44","slug":"andy-diouf-finalement-avec-les-bleuets","status":"publish","type":"post","link":"https:\/\/www.sitercl.com\/News\/?p=12885","title":{"rendered":"Andy Diouf finalement avec les Bleuets"},"content":{"rendered":"<div class=\"wp-block-image\">\n<figure class=\"alignright size-large\"><img decoding=\"async\" src=\"https:\/\/www.sitercl.com\/Fichejo\/D\/dioufand.gif\" alt=\"\"\/><\/figure>\n<\/div>\n\n\n<p>Face aux refus de plusieurs clubs de lib\u00e9rer leurs joueurs pour les Jeux Olympiques de Paris 2024, Thierry Henry, s\u00e9lectionneur de l&rsquo;\u00e9quipe de France U23, a r\u00e9agi en appelant trois nouveaux renforts\u2026<\/p>\n\n\n\n<p>Et si le Lensois Andy Diouf n&rsquo;\u00e9tait pas pr\u00e9sent au d\u00e9part, il rejoint les Bleuets avec Rayan Cherki (OL) et Chrislain Matsima (Monaco). Elye Wahi ne fait par contre toujours pas partie de ce groupe.<\/p>\n\n\n\n<p>Le stage de pr\u00e9paration de l&rsquo;\u00e9quipe de France Espoirs d\u00e9butera le 16 juin au CNF Clairefontaine. Les Bleuets joueront trois matchs de pr\u00e9paration face au Paraguay le 4 juillet \u00e0 Bayonne, la R\u00e9publique dominicaine le 11 juillet et le Japon le 17 juillet \u00e0 Toulon. Avant donc de participer aux JO de Paris 2024.<\/p>\n","protected":false},"excerpt":{"rendered":"<p>Face aux refus de plusieurs clubs de lib\u00e9rer leurs joueurs pour les Jeux Olympiques de Paris 2024, Thierry Henry, s\u00e9lectionneur de l&rsquo;\u00e9quipe de France U23, a r\u00e9agi en appelant trois nouveaux renforts\u2026 Et si le Lensois Andy Diouf n&rsquo;\u00e9tait pas pr\u00e9sent au d\u00e9part, il rejoint les Bleuets avec Rayan Cherki (OL) et Chrislain Matsima (Monaco). &hellip; <a href=\"https:\/\/www.sitercl.com\/News\/?p=12885\" class=\"more-link\">Continuer la lecture<span class=\"screen-reader-text\"> de &laquo;&nbsp;Andy Diouf finalement avec les Bleuets&nbsp;&raquo;<\/span><\/a><\/p>\n","protected":false},"author":2,"featured_media":0,"comment_status":"closed","ping_status":"open","sticky":false,"template":"","format":"standard","meta":{"footnotes":""},"categories":[2],"tags":[617,598,395],"class_list":["post-12885","post","type-post","status-publish","format-standard","hentry","category-infos","tag-bleuets","tag-diouf-a","tag-selection"],"_links":{"self":[{"href":"https:\/\/www.sitercl.com\/News\/index.php?rest_route=\/wp\/v2\/posts\/12885","targetHints":{"allow":["GET"]}}],"collection":[{"href":"https:\/\/www.sitercl.com\/News\/index.php?rest_route=\/wp\/v2\/posts"}],"about":[{"href":"https:\/\/www.sitercl.com\/News\/index.php?rest_route=\/wp\/v2\/types\/post"}],"author":[{"embeddable":true,"href":"https:\/\/www.sitercl.com\/News\/index.php?rest_route=\/wp\/v2\/users\/2"}],"replies":[{"embeddable":true,"href":"https:\/\/www.sitercl.com\/News\/index.php?rest_route=%2Fwp%2Fv2%2Fcomments&post=12885"}],"version-history":[{"count":1,"href":"https:\/\/www.sitercl.com\/News\/index.php?rest_route=\/wp\/v2\/posts\/12885\/revisions"}],"predecessor-version":[{"id":12886,"href":"https:\/\/www.sitercl.com\/News\/index.php?rest_route=\/wp\/v2\/posts\/12885\/revisions\/12886"}],"wp:attachment":[{"href":"https:\/\/www.sitercl.com\/News\/index.php?rest_route=%2Fwp%2Fv2%2Fmedia&parent=12885"}],"wp:term":[{"taxonomy":"category","embeddable":true,"href":"https:\/\/www.sitercl.com\/News\/index.php?rest_route=%2Fwp%2Fv2%2Fcategories&post=12885"},{"taxonomy":"post_tag","embeddable":true,"href":"https:\/\/www.sitercl.com\/News\/index.php?rest_route=%2Fwp%2Fv2%2Ftags&post=12885"}],"curies":[{"name":"wp","href":"https:\/\/api.w.org\/{rel}","templated":true}]}}