{"id":12894,"date":"2024-06-20T19:39:00","date_gmt":"2024-06-20T17:39:00","guid":{"rendered":"https:\/\/www.sitercl.com\/News\/?p=12894"},"modified":"2024-06-21T19:05:56","modified_gmt":"2024-06-21T17:05:56","slug":"une-chaine-foot-pas-si-irrealiste","status":"publish","type":"post","link":"https:\/\/www.sitercl.com\/News\/?p=12894","title":{"rendered":"Une cha\u00eene foot, pas si irr\u00e9aliste !"},"content":{"rendered":"<div class=\"wp-block-image\">\n<figure class=\"alignright size-full\"><img loading=\"lazy\" decoding=\"async\" width=\"230\" height=\"161\" src=\"https:\/\/www.sitercl.com\/News\/wp-content\/uploads\/2018\/12\/camera.gif\" alt=\"\" class=\"wp-image-241\"\/><\/figure>\n<\/div>\n\n\n<p>Alors que la LFP n&rsquo;a toujours pas trouv\u00e9 preneur pour diffuser la Ligue 1 en France, la cr\u00e9ation d\u2019une cha\u00eene reprise par la plupart des diffuseurs avec un abonnement de l&rsquo;ordre de 25\/30 euros par mois pour ses spectateurs a \u00e9t\u00e9 \u00e9voqu\u00e9e. Une option qui semble toutefois pour certains irr\u00e9aliste estimant que le nombre d&rsquo;abonn\u00e9s ne pourra jamais \u00eatre atteint pour rapporter assez d&rsquo;argent aux clubs, d&rsquo;autant plus qu&rsquo;un pourcentage des recettes de la LFP (13% environ plus un rattrapage sur le d\u00e9lai des premiers pr\u00e9l\u00e8vements retard\u00e9s et enfin des options d&rsquo;augmentation en fonction des diff\u00e9rences de budget) est pr\u00e9vu au fonds d\u2019investissements luxembourgeois CVC Capital partners qui a vers\u00e9 1,5 milliard d\u2019euros en 2022 \u00e0 la Ligue\u00a0exsangue \u00e0 la sortie du Covid.<\/p>\n\n\n\n<p>Ce deal avec CVC qui est justement en cours d&rsquo;\u00e9tude par une commission du S\u00e9nat&#8230; Et dans ce cadre, le pr\u00e9sident lensois a \u00e9t\u00e9 auditionn\u00e9 ce jeudi. Joseph Oughourlian a plut\u00f4t \u00e9pargn\u00e9 la LFP en indiquant qu&rsquo;elle n&rsquo;avait pas vraiment le choix. Et il reste lui confiant sur ce plan B de cha\u00eene d\u00e9di\u00e9e : <em>\u00ab \u00e0 ma connaissance, Mediapro visait quatre millions d\u2019abonn\u00e9s donc l\u00e0, les chiffres que j\u2019ai entendu et sans d\u00e9voiler des secrets par rapport aux discussions qui sont en cours car c\u2019est une situation d\u00e9licate de les commenter pendant les n\u00e9gociations, le plan pr\u00e9sent\u00e9 est infiniment plus raisonnable que celui pr\u00e9sent\u00e9 \u00e0 l\u2019\u00e9poque de Mediapro. Il y a aussi autre chose, et c\u2019est un fait, c\u2019est que Mediapro n\u2019avait que 80% des matchs de la L1 et pas les meilleurs\u00a0\u00bb, a analys\u00e9 le pr\u00e9sident de Lens. \u00ab\u00a0On peut esp\u00e9rer que si on met, pour la premi\u00e8re fois depuis des ann\u00e9es, tous les matchs de la L1 sur une cha\u00eene on peut raisonnablement esp\u00e9rer avoir moins de confusion et que le consommateur s\u2019y retrouve et que l\u2019on ait plus d\u2019abonn\u00e9s \u00e0 la fin \u00bb<\/em>. <\/p>\n","protected":false},"excerpt":{"rendered":"<p>Alors que la LFP n&rsquo;a toujours pas trouv\u00e9 preneur pour diffuser la Ligue 1 en France, la cr\u00e9ation d\u2019une cha\u00eene reprise par la plupart des diffuseurs avec un abonnement de l&rsquo;ordre de 25\/30 euros par mois pour ses spectateurs a \u00e9t\u00e9 \u00e9voqu\u00e9e. Une option qui semble toutefois pour certains irr\u00e9aliste estimant que le nombre d&rsquo;abonn\u00e9s &hellip; <a href=\"https:\/\/www.sitercl.com\/News\/?p=12894\" class=\"more-link\">Continuer la lecture<span class=\"screen-reader-text\"> de &laquo;&nbsp;Une cha\u00eene foot, pas si irr\u00e9aliste !&nbsp;&raquo;<\/span><\/a><\/p>\n","protected":false},"author":2,"featured_media":0,"comment_status":"closed","ping_status":"open","sticky":false,"template":"","format":"standard","meta":{"footnotes":""},"categories":[2],"tags":[171,151,298,19,38],"class_list":["post-12894","post","type-post","status-publish","format-standard","hentry","category-infos","tag-interview","tag-ligue-1","tag-mediapro","tag-oughourlian","tag-tv"],"_links":{"self":[{"href":"https:\/\/www.sitercl.com\/News\/index.php?rest_route=\/wp\/v2\/posts\/12894","targetHints":{"allow":["GET"]}}],"collection":[{"href":"https:\/\/www.sitercl.com\/News\/index.php?rest_route=\/wp\/v2\/posts"}],"about":[{"href":"https:\/\/www.sitercl.com\/News\/index.php?rest_route=\/wp\/v2\/types\/post"}],"author":[{"embeddable":true,"href":"https:\/\/www.sitercl.com\/News\/index.php?rest_route=\/wp\/v2\/users\/2"}],"replies":[{"embeddable":true,"href":"https:\/\/www.sitercl.com\/News\/index.php?rest_route=%2Fwp%2Fv2%2Fcomments&post=12894"}],"version-history":[{"count":7,"href":"https:\/\/www.sitercl.com\/News\/index.php?rest_route=\/wp\/v2\/posts\/12894\/revisions"}],"predecessor-version":[{"id":12901,"href":"https:\/\/www.sitercl.com\/News\/index.php?rest_route=\/wp\/v2\/posts\/12894\/revisions\/12901"}],"wp:attachment":[{"href":"https:\/\/www.sitercl.com\/News\/index.php?rest_route=%2Fwp%2Fv2%2Fmedia&parent=12894"}],"wp:term":[{"taxonomy":"category","embeddable":true,"href":"https:\/\/www.sitercl.com\/News\/index.php?rest_route=%2Fwp%2Fv2%2Fcategories&post=12894"},{"taxonomy":"post_tag","embeddable":true,"href":"https:\/\/www.sitercl.com\/News\/index.php?rest_route=%2Fwp%2Fv2%2Ftags&post=12894"}],"curies":[{"name":"wp","href":"https:\/\/api.w.org\/{rel}","templated":true}]}}