{"id":12941,"date":"2024-07-02T20:07:50","date_gmt":"2024-07-02T18:07:50","guid":{"rendered":"https:\/\/www.sitercl.com\/News\/?p=12941"},"modified":"2024-07-02T20:07:50","modified_gmt":"2024-07-02T18:07:50","slug":"ibrahima-balde-a-rodez","status":"publish","type":"post","link":"https:\/\/www.sitercl.com\/News\/?p=12941","title":{"rendered":"Ibrahima Bald\u00e9 \u00e0 Rodez"},"content":{"rendered":"<div class=\"wp-block-image\">\n<figure class=\"alignright size-large\"><img decoding=\"async\" src=\"https:\/\/www.sitercl.com\/Fichejo\/B\/baldeibr.gif\" alt=\"\"\/><\/figure>\n<\/div>\n\n\n<p>Arriv\u00e9 \u00e0 Lens en 2018 chez les U17,\u00a0Ibrahima Bald\u00e9 (21 ans), en fin de contrat, n&rsquo;aura finalement jou\u00e9 que 7 matches en \u00e9quipe premi\u00e8re avec le RCL dont aucun la saison pass\u00e9e (bless\u00e9 \u00e0 plusieurs reprises). Il rejoint le club de L2 de Rodez o\u00f9 il a sign\u00e9 un contrat de 3 ans.<\/p>\n","protected":false},"excerpt":{"rendered":"<p>Arriv\u00e9 \u00e0 Lens en 2018 chez les U17,\u00a0Ibrahima Bald\u00e9 (21 ans), en fin de contrat, n&rsquo;aura finalement jou\u00e9 que 7 matches en \u00e9quipe premi\u00e8re avec le RCL dont aucun la saison pass\u00e9e (bless\u00e9 \u00e0 plusieurs reprises). Il rejoint le club de L2 de Rodez o\u00f9 il a sign\u00e9 un contrat de 3 ans.<\/p>\n","protected":false},"author":2,"featured_media":0,"comment_status":"closed","ping_status":"open","sticky":false,"template":"","format":"standard","meta":{"footnotes":""},"categories":[2],"tags":[68,64,240],"class_list":["post-12941","post","type-post","status-publish","format-standard","hentry","category-infos","tag-contrat","tag-mercato","tag-rodez"],"_links":{"self":[{"href":"https:\/\/www.sitercl.com\/News\/index.php?rest_route=\/wp\/v2\/posts\/12941","targetHints":{"allow":["GET"]}}],"collection":[{"href":"https:\/\/www.sitercl.com\/News\/index.php?rest_route=\/wp\/v2\/posts"}],"about":[{"href":"https:\/\/www.sitercl.com\/News\/index.php?rest_route=\/wp\/v2\/types\/post"}],"author":[{"embeddable":true,"href":"https:\/\/www.sitercl.com\/News\/index.php?rest_route=\/wp\/v2\/users\/2"}],"replies":[{"embeddable":true,"href":"https:\/\/www.sitercl.com\/News\/index.php?rest_route=%2Fwp%2Fv2%2Fcomments&post=12941"}],"version-history":[{"count":1,"href":"https:\/\/www.sitercl.com\/News\/index.php?rest_route=\/wp\/v2\/posts\/12941\/revisions"}],"predecessor-version":[{"id":12942,"href":"https:\/\/www.sitercl.com\/News\/index.php?rest_route=\/wp\/v2\/posts\/12941\/revisions\/12942"}],"wp:attachment":[{"href":"https:\/\/www.sitercl.com\/News\/index.php?rest_route=%2Fwp%2Fv2%2Fmedia&parent=12941"}],"wp:term":[{"taxonomy":"category","embeddable":true,"href":"https:\/\/www.sitercl.com\/News\/index.php?rest_route=%2Fwp%2Fv2%2Fcategories&post=12941"},{"taxonomy":"post_tag","embeddable":true,"href":"https:\/\/www.sitercl.com\/News\/index.php?rest_route=%2Fwp%2Fv2%2Ftags&post=12941"}],"curies":[{"name":"wp","href":"https:\/\/api.w.org\/{rel}","templated":true}]}}