{"id":12960,"date":"2024-07-11T19:26:43","date_gmt":"2024-07-11T17:26:43","guid":{"rendered":"https:\/\/www.sitercl.com\/News\/?p=12960"},"modified":"2024-07-11T19:43:59","modified_gmt":"2024-07-11T17:43:59","slug":"mercato-une-arrivee-un-depart-et-un-pret","status":"publish","type":"post","link":"https:\/\/www.sitercl.com\/News\/?p=12960","title":{"rendered":"Mercato : une arriv\u00e9e, un d\u00e9part et un pr\u00eat"},"content":{"rendered":"<div class=\"wp-block-image\">\n<figure class=\"alignright size-full\"><img loading=\"lazy\" decoding=\"async\" width=\"137\" height=\"150\" src=\"https:\/\/www.sitercl.com\/News\/wp-content\/uploads\/2018\/12\/grpjoueu.jpg\" alt=\"\" class=\"wp-image-248\"\/><\/figure>\n<\/div>\n\n\n<p>Plusieurs mouvements annonc\u00e9s du c\u00f4t\u00e9 du RC Lens&#8230;<\/p>\n\n\n\n<p>Apr\u00e8s deux saisons en National 2 (+1 en N3) avec le club de Wasquehal, le milieu de terrain de 22 ans, Ahmed Majid rejoint le Racing Club de Lens sur la base d\u2019un contrat professionnel d\u2019une saison. C&rsquo;est bien s\u00fbr en premier lieu pour jouer avec la r\u00e9serve qu&rsquo;il a \u00e9t\u00e9 choisi\u2026<\/p>\n\n\n\n<p>Il n&rsquo;\u00e9tait d\u00e9j\u00e0 plus \u00e0 Lens (pr\u00eat\u00e9 au club turc Antalyaspor la saison derni\u00e8re) mais Adam Buksa quitte d\u00e9finitivement le club art\u00e9sien en signant un contrat jusqu&rsquo;en 2028 avec le club danois du FC Midtjylland. L&rsquo;indemnit\u00e9 de transfert n&rsquo;a pas \u00e9t\u00e9 communiqu\u00e9e.<\/p>\n\n\n\n<p>Apparu \u00e0 20 reprises avec la r\u00e9serve lensoise (2 buts) et convoqu\u00e9 plusieurs fois avec le groupe professionnel toutes comp\u00e9titions confondues la saison derni\u00e8re, Fod\u00e9 Sylla (18 ans) va d\u00e9couvrir cette saison la Super League suisse avec Yverdon Sport FC sous la forme d&rsquo;un pr\u00eat sans option d\u2019achat.<\/p>\n","protected":false},"excerpt":{"rendered":"<p>Plusieurs mouvements annonc\u00e9s du c\u00f4t\u00e9 du RC Lens&#8230; Apr\u00e8s deux saisons en National 2 (+1 en N3) avec le club de Wasquehal, le milieu de terrain de 22 ans, Ahmed Majid rejoint le Racing Club de Lens sur la base d\u2019un contrat professionnel d\u2019une saison. C&rsquo;est bien s\u00fbr en premier lieu pour jouer avec la &hellip; <a href=\"https:\/\/www.sitercl.com\/News\/?p=12960\" class=\"more-link\">Continuer la lecture<span class=\"screen-reader-text\"> de &laquo;&nbsp;Mercato : une arriv\u00e9e, un d\u00e9part et un pr\u00eat&nbsp;&raquo;<\/span><\/a><\/p>\n","protected":false},"author":2,"featured_media":0,"comment_status":"closed","ping_status":"open","sticky":false,"template":"","format":"standard","meta":{"footnotes":""},"categories":[2],"tags":[526,666,64,198,590,58],"class_list":["post-12960","post","type-post","status-publish","format-standard","hentry","category-infos","tag-buksa","tag-majid","tag-mercato","tag-pret","tag-sylla-f","tag-transfert"],"_links":{"self":[{"href":"https:\/\/www.sitercl.com\/News\/index.php?rest_route=\/wp\/v2\/posts\/12960","targetHints":{"allow":["GET"]}}],"collection":[{"href":"https:\/\/www.sitercl.com\/News\/index.php?rest_route=\/wp\/v2\/posts"}],"about":[{"href":"https:\/\/www.sitercl.com\/News\/index.php?rest_route=\/wp\/v2\/types\/post"}],"author":[{"embeddable":true,"href":"https:\/\/www.sitercl.com\/News\/index.php?rest_route=\/wp\/v2\/users\/2"}],"replies":[{"embeddable":true,"href":"https:\/\/www.sitercl.com\/News\/index.php?rest_route=%2Fwp%2Fv2%2Fcomments&post=12960"}],"version-history":[{"count":2,"href":"https:\/\/www.sitercl.com\/News\/index.php?rest_route=\/wp\/v2\/posts\/12960\/revisions"}],"predecessor-version":[{"id":12962,"href":"https:\/\/www.sitercl.com\/News\/index.php?rest_route=\/wp\/v2\/posts\/12960\/revisions\/12962"}],"wp:attachment":[{"href":"https:\/\/www.sitercl.com\/News\/index.php?rest_route=%2Fwp%2Fv2%2Fmedia&parent=12960"}],"wp:term":[{"taxonomy":"category","embeddable":true,"href":"https:\/\/www.sitercl.com\/News\/index.php?rest_route=%2Fwp%2Fv2%2Fcategories&post=12960"},{"taxonomy":"post_tag","embeddable":true,"href":"https:\/\/www.sitercl.com\/News\/index.php?rest_route=%2Fwp%2Fv2%2Ftags&post=12960"}],"curies":[{"name":"wp","href":"https:\/\/api.w.org\/{rel}","templated":true}]}}