{"id":12967,"date":"2024-07-12T22:31:03","date_gmt":"2024-07-12T20:31:03","guid":{"rendered":"https:\/\/www.sitercl.com\/News\/?p=12967"},"modified":"2024-07-12T22:31:15","modified_gmt":"2024-07-12T20:31:15","slug":"andy-diouf-de-retour-a-lens","status":"publish","type":"post","link":"https:\/\/www.sitercl.com\/News\/?p=12967","title":{"rendered":"Andy Diouf de retour \u00e0 Lens"},"content":{"rendered":"<div class=\"wp-block-image\">\n<figure class=\"alignright size-large\"><img decoding=\"async\" src=\"https:\/\/www.sitercl.com\/Fichejo\/D\/dioufand.gif\" alt=\"\"\/><\/figure>\n<\/div>\n\n\n<p>\u00a0\u00ab\u00a0<em>Andy Diouf va quitter ce vendredi 12\u00a0juillet<\/em>\u00a0<em>la s\u00e9lection nationale U23, actuellement en stage de pr\u00e9paration pour les Jeux Olympiques de Paris 2024<\/em>\u00a0\u00bb, a expliqu\u00e9 la F\u00e9d\u00e9ration fran\u00e7aise de football dans un communiqu\u00e9, ce vendredi midi.<\/p>\n\n\n\n<p>Le milieu de terrain \u00e9tant uniquement <a href=\"https:\/\/www.sitercl.com\/News\/?post_type=post&amp;p=12955\">r\u00e9serviste<\/a>, le RC Lens a en effet demand\u00e9 au joueur avec l&rsquo;accord de la FFF de revenir en Artois pour participer \u00e0 la pr\u00e9paration d&rsquo;avant saison. Le club a cependant bien pr\u00e9cis\u00e9 que conform\u00e9ment \u00e0 l&rsquo;engagement qu&rsquo;il avait pris, il le laissera \u00e0 la disposition de l&rsquo;\u00e9quipe de France olympique en cas de besoin\u2026<\/p>\n","protected":false},"excerpt":{"rendered":"<p>\u00a0\u00ab\u00a0Andy Diouf va quitter ce vendredi 12\u00a0juillet\u00a0la s\u00e9lection nationale U23, actuellement en stage de pr\u00e9paration pour les Jeux Olympiques de Paris 2024\u00a0\u00bb, a expliqu\u00e9 la F\u00e9d\u00e9ration fran\u00e7aise de football dans un communiqu\u00e9, ce vendredi midi. Le milieu de terrain \u00e9tant uniquement r\u00e9serviste, le RC Lens a en effet demand\u00e9 au joueur avec l&rsquo;accord de la &hellip; <a href=\"https:\/\/www.sitercl.com\/News\/?p=12967\" class=\"more-link\">Continuer la lecture<span class=\"screen-reader-text\"> de &laquo;&nbsp;Andy Diouf de retour \u00e0 Lens&nbsp;&raquo;<\/span><\/a><\/p>\n","protected":false},"author":2,"featured_media":0,"comment_status":"closed","ping_status":"open","sticky":false,"template":"","format":"standard","meta":{"footnotes":""},"categories":[2],"tags":[598,440],"class_list":["post-12967","post","type-post","status-publish","format-standard","hentry","category-infos","tag-diouf-a","tag-jeux-olympiques"],"_links":{"self":[{"href":"https:\/\/www.sitercl.com\/News\/index.php?rest_route=\/wp\/v2\/posts\/12967","targetHints":{"allow":["GET"]}}],"collection":[{"href":"https:\/\/www.sitercl.com\/News\/index.php?rest_route=\/wp\/v2\/posts"}],"about":[{"href":"https:\/\/www.sitercl.com\/News\/index.php?rest_route=\/wp\/v2\/types\/post"}],"author":[{"embeddable":true,"href":"https:\/\/www.sitercl.com\/News\/index.php?rest_route=\/wp\/v2\/users\/2"}],"replies":[{"embeddable":true,"href":"https:\/\/www.sitercl.com\/News\/index.php?rest_route=%2Fwp%2Fv2%2Fcomments&post=12967"}],"version-history":[{"count":2,"href":"https:\/\/www.sitercl.com\/News\/index.php?rest_route=\/wp\/v2\/posts\/12967\/revisions"}],"predecessor-version":[{"id":12969,"href":"https:\/\/www.sitercl.com\/News\/index.php?rest_route=\/wp\/v2\/posts\/12967\/revisions\/12969"}],"wp:attachment":[{"href":"https:\/\/www.sitercl.com\/News\/index.php?rest_route=%2Fwp%2Fv2%2Fmedia&parent=12967"}],"wp:term":[{"taxonomy":"category","embeddable":true,"href":"https:\/\/www.sitercl.com\/News\/index.php?rest_route=%2Fwp%2Fv2%2Fcategories&post=12967"},{"taxonomy":"post_tag","embeddable":true,"href":"https:\/\/www.sitercl.com\/News\/index.php?rest_route=%2Fwp%2Fv2%2Ftags&post=12967"}],"curies":[{"name":"wp","href":"https:\/\/api.w.org\/{rel}","templated":true}]}}