{"id":13254,"date":"2024-08-31T19:25:27","date_gmt":"2024-08-31T17:25:27","guid":{"rendered":"https:\/\/www.sitercl.com\/News\/?p=13254"},"modified":"2024-09-01T11:05:55","modified_gmt":"2024-09-01T09:05:55","slug":"presentation-de-monaco-lens","status":"publish","type":"post","link":"https:\/\/www.sitercl.com\/News\/?p=13254","title":{"rendered":"Pr\u00e9sentation de Monaco &#8211; Lens"},"content":{"rendered":"<div class=\"wp-block-image\">\n<figure class=\"alignright size-large\"><img decoding=\"async\" src=\"https:\/\/www.sitercl.com\/Clubs\/France\/extmonac.jpg\" alt=\"\"\/><\/figure>\n<\/div>\n\n\n<p>Voici les groupes et quelques informations sur la rencontre Monaco &#8211; Lens de ce dimanche 1er septembre \u00e0 partir de 15h au stade Louis II, comptant pour la 3e journ\u00e9e de Ligue 1 McDonald&rsquo;s.<\/p>\n\n\n\n<p><strong>Les groupes<\/strong> :<\/p>\n\n\n\n<p><em>Pour l&rsquo;AS Monaco<\/em><br>K\u00f6hn, Lienard, Stawiecki &#8211; Caio Henrique, Kehrer, Mawissa, Ouattara, Salisu, Singo, Teze, Vanderson &#8211; Akliouche, Ben Seghir, Diatta, Golovin, Magassa, Minamino, Zakaria &#8211; Balogun, Embolo, Ilenikhena.<\/p>\n\n\n\n<p>Les bless\u00e9s&nbsp;sont Radoslaw Majecki (cheville) et Edan Diop (fracture pied gauche). Lamine Camara est lui suspendu.<br>Aleksandr Golovin (cheville) et Kr\u00e9pin Diatta sont de retour dans le groupe.<\/p>\n\n\n\n<p><em>Pour le RC Lens<\/em><br>Petric, Samba, Delplace \u2013 Aguilar, Chavez, Medina, Sarr, Gradit, Khusanov, Frankowski \u2013 Ojediran, Pereira Da Costa, Diouf, Mendy, Zaroury, Thomasson \u2013 Nzola, Sa\u00efd, Satriano, Sotoca, Labeau-Lascary.<\/p>\n\n\n\n<p>Suite au carton rouge re\u00e7u la semaine derni\u00e8re face \u00e0 Brest, Deiver Machado est suspendu.<br>Lens sera \u00e9galement priv\u00e9 de Kevin Danso (m\u00e9nag\u00e9 suite \u00e0 son transfert rat\u00e9), Neil El Aynaoui (encore trop juste) et Jimmy Cabot. Herv\u00e9 Koffi&nbsp;qui attend un heureux \u00e9v\u00e8nement n&rsquo;a pas \u00e9t\u00e9 appel\u00e9. Fulgini non plus mais l\u00e0 sans qu&rsquo;on connaisse la raison.<\/p>\n\n\n\n<p><em>L&rsquo;arbitre<\/em> : <a href=\"https:\/\/www.sitercl.com\/News\/?post_type=post&amp;p=13237\">pour rappel<\/a>, il s&rsquo;agit de M. Willy DELAJOD.<\/p>\n\n\n\n<p><strong>Etat de forme<\/strong> :<\/p>\n\n\n\n<p>Si le RC Lens reste malheureusement sur sa d\u00e9faite jeudi soir lors du barrage retour de la Ligue Conf\u00e9rence \u00e0 Ath\u00e8nes (<a href=\"https:\/\/www.sitercl.com\/Matches\/2024-25\/Uefa\/Ext\/panathif.htm\">2-0<\/a>), en championnat il a d\u00e9but\u00e9 sa saison par deux victoires face \u00e0 Angers et \u00e0 Brest.<br>Deux victoires, c&rsquo;est aussi le bilan de l&rsquo;AS Monaco pour le moment avec une victoire \u00e0 domicile face \u00e0 l&rsquo;ASSE (1-0) lors de la premi\u00e8re journ\u00e9e et une \u00e0 Lyon (0-2) pour la journ\u00e9e suivante.<\/p>\n\n\n\n<p><strong>Historique<\/strong> :<\/p>\n\n\n\n<p>La saison pass\u00e9e, l&rsquo;AS Monaco n&rsquo;a pas laiss\u00e9 de bons souvenirs aux Sang et Or avec 3 d\u00e9faites. En effet, en plus de deux d\u00e9faites en championnat (\u00e0 Monaco, <a href=\"https:\/\/www.sitercl.com\/Matches\/2023-24\/Champion\/Ext\/monacoas.htm\">3-0<\/a> et \u00e0 Lens, <a href=\"https:\/\/www.sitercl.com\/Matches\/2023-24\/Champion\/Domicile\/monacoas.htm\">2-3<\/a>), le RCL avait \u00e9t\u00e9 \u00e9limin\u00e9 sur son terrain lors de la s\u00e9ance de penalties pour les 32es de finale de la <a href=\"https:\/\/www.sitercl.com\/Matches\/2023-24\/France\/Domicile\/monacoas.htm\">coupe de France<\/a>.<\/p>\n\n\n\n<p>La saison derni\u00e8re a mis malheureusement fin \u00e0 une s\u00e9rie de trois victoires de suite en Principaut\u00e9 des Sang et Or.<br>=&gt; Historique <a href=\"https:\/\/www.sitercl.com\/Clubs\/France\/monacoas.htm\">des rencontres<\/a> entre les deux clubs&#8230;<\/p>\n\n\n\n<p><strong>Les phrases<\/strong> :<\/p>\n\n\n\n<p>\u00ab&nbsp;<em>Le RC Lens est un beau d\u00e9fi pour nous<\/em>&nbsp;\u00bb. Voici&nbsp;les mots d\u2019Adi H\u00fctter (entra\u00eeneur de l&rsquo;ASM) en conf\u00e9rence de presse&nbsp;pour \u00e9voquer le match.<br>Pour Will Still, \u00ab <em>Un d\u00e9placement \u00e0 Louis-II est toujours int\u00e9ressant \u00e0 pr\u00e9parer et \u00e0 jouer. On s\u2019attend \u00e0 une belle bataille tactique. Ce sera une rencontre de tr\u00e8s haut niveau. De notre c\u00f4t\u00e9, on veut vite rebondir et obtenir un r\u00e9sultat positif.<\/em>&nbsp;\u00bb<\/p>\n\n\n\n<p><strong>D&rsquo;autres informations et statistiques <\/strong>:<\/p>\n\n\n\n<p>&#8211; Cette rencontre sera diffus\u00e9e sur DAZN.<br>&#8211; Lens et Monaco n&rsquo;ont pas encore encaiss\u00e9 le moindre but en championnat cette saison.<br>&#8211; Lens a marqu\u00e9 lors de chacun de ses neuf matchs \u00e0 l\u2019ext\u00e9rieur en Ligue 1 cette ann\u00e9e (12 buts), seul l\u2019AS Monaco a fait de m\u00eame sur la p\u00e9riode (22 buts en neuf d\u00e9placements).<br>&#8211; Le club du Rocher a enregistr\u00e9 31 clean sheets face \u00e0 Lens \u00e0 domicile toutes comp\u00e9titions confondues en 62 rencontres, plus que face \u00e0 tout autre adversaire dans son histoire (27 face \u00e0 Lille).\u00a0<br>&#8211; Les Rouge et Blanc de l&rsquo;ASM ont remport\u00e9 chacun de leurs cinq derniers matches \u00e0 domicile en Ligue 1 (dont quatre clean sheets), plus longue s\u00e9rie en cours.<br>&#8211;\u00a0Le club art\u00e9sien n\u2019a entam\u00e9 qu\u2019une campagne de premi\u00e8re division par trois succ\u00e8s qu\u2019en 1983-1984, 1996-1997 et 2001-2002.<br>&#8211; Trois joueurs lensois actuels sont pass\u00e9s par Monaco durant leur carri\u00e8re : <a href=\"https:\/\/www.sitercl.com\/Fichejo\/A\/aguilarr.htm\">Ruben Aguilar<\/a>, <a href=\"https:\/\/www.sitercl.com\/Fichejo\/M\/mendynam.htm\">Nampalys Mendy<\/a> et <a href=\"https:\/\/www.sitercl.com\/Fichejo\/S\/sarrmala.htm\">Malang Sarr<\/a>&#8230;<\/p>\n","protected":false},"excerpt":{"rendered":"<p>Voici les groupes et quelques informations sur la rencontre Monaco &#8211; Lens de ce dimanche 1er septembre \u00e0 partir de 15h au stade Louis II, comptant pour la 3e journ\u00e9e de Ligue 1 McDonald&rsquo;s. Les groupes : Pour l&rsquo;AS MonacoK\u00f6hn, Lienard, Stawiecki &#8211; Caio Henrique, Kehrer, Mawissa, Ouattara, Salisu, Singo, Teze, Vanderson &#8211; Akliouche, Ben &hellip; <a href=\"https:\/\/www.sitercl.com\/News\/?p=13254\" class=\"more-link\">Continuer la lecture<span class=\"screen-reader-text\"> de &laquo;&nbsp;Pr\u00e9sentation de Monaco &#8211; Lens&nbsp;&raquo;<\/span><\/a><\/p>\n","protected":false},"author":2,"featured_media":0,"comment_status":"closed","ping_status":"open","sticky":false,"template":"","format":"standard","meta":{"footnotes":""},"categories":[2],"tags":[11,151,222,12],"class_list":["post-13254","post","type-post","status-publish","format-standard","hentry","category-infos","tag-groupes","tag-ligue-1","tag-monaco","tag-stats"],"_links":{"self":[{"href":"https:\/\/www.sitercl.com\/News\/index.php?rest_route=\/wp\/v2\/posts\/13254","targetHints":{"allow":["GET"]}}],"collection":[{"href":"https:\/\/www.sitercl.com\/News\/index.php?rest_route=\/wp\/v2\/posts"}],"about":[{"href":"https:\/\/www.sitercl.com\/News\/index.php?rest_route=\/wp\/v2\/types\/post"}],"author":[{"embeddable":true,"href":"https:\/\/www.sitercl.com\/News\/index.php?rest_route=\/wp\/v2\/users\/2"}],"replies":[{"embeddable":true,"href":"https:\/\/www.sitercl.com\/News\/index.php?rest_route=%2Fwp%2Fv2%2Fcomments&post=13254"}],"version-history":[{"count":13,"href":"https:\/\/www.sitercl.com\/News\/index.php?rest_route=\/wp\/v2\/posts\/13254\/revisions"}],"predecessor-version":[{"id":13279,"href":"https:\/\/www.sitercl.com\/News\/index.php?rest_route=\/wp\/v2\/posts\/13254\/revisions\/13279"}],"wp:attachment":[{"href":"https:\/\/www.sitercl.com\/News\/index.php?rest_route=%2Fwp%2Fv2%2Fmedia&parent=13254"}],"wp:term":[{"taxonomy":"category","embeddable":true,"href":"https:\/\/www.sitercl.com\/News\/index.php?rest_route=%2Fwp%2Fv2%2Fcategories&post=13254"},{"taxonomy":"post_tag","embeddable":true,"href":"https:\/\/www.sitercl.com\/News\/index.php?rest_route=%2Fwp%2Fv2%2Ftags&post=13254"}],"curies":[{"name":"wp","href":"https:\/\/api.w.org\/{rel}","templated":true}]}}