{"id":13260,"date":"2024-09-01T18:06:35","date_gmt":"2024-09-01T16:06:35","guid":{"rendered":"https:\/\/www.sitercl.com\/News\/?p=13260"},"modified":"2024-09-01T18:44:39","modified_gmt":"2024-09-01T16:44:39","slug":"revue-du-web-monaco-lens-3","status":"publish","type":"post","link":"https:\/\/www.sitercl.com\/News\/?p=13260","title":{"rendered":"Revue du Web Monaco &#8211; Lens"},"content":{"rendered":"<div class=\"wp-block-image\">\n<figure class=\"alignright size-full\"><img loading=\"lazy\" decoding=\"async\" width=\"150\" height=\"106\" src=\"https:\/\/www.sitercl.com\/News\/wp-content\/uploads\/2019\/01\/clavball.png\" alt=\"\" class=\"wp-image-587\"\/><\/figure>\n<\/div>\n\n\n<p>Retrouvez une s\u00e9lection d&rsquo;articles du Web sur la rencontre de la 3e journ\u00e9e de Ligue 1 McDonald&rsquo;s saison 2024\/2025 entre l&rsquo;AS Monaco et le RC Lens (1-1)&#8230;<br><br><b>www.lavoixdunord.fr<\/b> :<br>-01\/09\/2024 <a href=\"https:\/\/www.lavoixdunord.fr\/1497639\/article\/2024-09-01\/direct-monaco-lens-les-sang-et-or-veulent-demarrer-une-nouvelle-histoire\" target=\"_blank\" rel=\"noopener\">DIRECT. Monaco &#8211; Lens : les Sang et Or arrachent un nul m\u00e9rit\u00e9<\/a><br>-01\/09\/2024 <a href=\"https:\/\/www.lavoixdunord.fr\/1497683\/article\/2024-09-01\/monaco-rc-lens-il-fallu-etre-fort-souligne-jonathan-gradi\" target=\"_blank\" rel=\"noopener\">Monaco &#8211; RC Lens : \u00ab Il a fallu \u00eatre fort \u00bb, souligne Jonathan Gradit<\/a><br><br><b>www.lequipe.fr<\/b> :<br>-01\/09\/2024 <a href=\"https:\/\/www.lequipe.fr\/Football\/Actualites\/Monaco-et-lens-se-neutralisent-sur-une-pelouse-indigne\/1505085\" target=\"_blank\" rel=\"noopener\">Ligue 1 : Monaco et Lens font match nul au terme d&rsquo;une fin de match \u00e0 rebondissement<\/a><br><br><b>www.maxifoot.fr<\/b> :<br>-01\/09\/2024 <a href=\"https:\/\/www.maxifoot.fr\/football\/article-58818.htm\" target=\"_blank\" rel=\"noopener\">Pas de vainqueur \u00e0 Louis II &#8211; D\u00e9brief et NOTES des joueurs (ASM 1-1 RCL)<\/a><br><br><b>www.footmercato.net<\/b> :<br>-01\/09\/2024 <a href=\"https:\/\/www.footmercato.net\/a7581045656312470918-ligue-1-lens-frustre-monaco-sur-le-fil-a-louis-ii\" target=\"_blank\" rel=\"noopener\">Ligue 1 : Lens frustre Monaco sur le fil \u00e0 Louis-II<\/a><br>-01\/09\/2024 <a href=\"https:\/\/www.footmercato.net\/a1162739883911412276-monaco-lens-ca-a-chauffe-entre-will-still-et-adi-hutter\" target=\"_blank\" rel=\"noopener\">Monaco &#8211; Lens : \u00e7a a chauff\u00e9 entre Will Still et Adi H\u00fctter !<\/a><br><br><b>madeinfoot.ouest-france.fr<\/b> :<br>-01\/09\/2024 <a href=\"https:\/\/madeinfoot.ouest-france.fr\/infos\/article-ligue-1-les-notes-de-as-monaco-rc-lens-les-sang-et-or-arrachent-un-nul-merite-face-a-l-asm-456369.html\" target=\"_blank\" rel=\"noopener\">Ligue 1 : Les notes de AS Monaco &#8211; RC Lens : les Sang-et-Or arrachent un nul m\u00e9rit\u00e9 face \u00e0 l&rsquo;ASM<\/a><br><br><b>sports.orange.fr<\/b> :<br>-01\/09\/2024 <a href=\"https:\/\/sports.orange.fr\/football\/ligue-1\/debrief\/l1-j3-monaco-et-lens-se-quittent-sur-un-nul-CNT000002eT8Tu.html\" target=\"_blank\" rel=\"noopener\">L1 (J3) : Monaco et Lens se quittent sur un nul<\/a><br><br><b>www.lefigaro.fr<\/b> :<br>-01\/09\/2024 <a href=\"https:\/\/www.lefigaro.fr\/sports\/football\/ligue-1\/monaco-lens-zakaria-decisif-puis-fautif-said-fantomatique-les-tops-et-les-flops-20240901\" target=\"_blank\" rel=\"noopener\">Monaco-Lens : Zakaria d\u00e9cisif puis fautif, Sa\u00efd fantomatique\u2026 Les tops et les flops<\/a><br><br><b>rmcsport.bfmtv.com<\/b> :<br>-01\/09\/2024 <a href=\"https:\/\/rmcsport.bfmtv.com\/football\/ligue-1\/monaco-lens-les-justifications-de-l-arbitre-sur-la-decision-polemique-du-match-qui-laisse-will-still-frustre_AV-202409010320.html\" target=\"_blank\" rel=\"noopener\">Monaco-Lens: les justifications de l&rsquo;arbitre sur la d\u00e9cision pol\u00e9mique du match, qui laisse Will Still frustr\u00e9<\/a><\/p>\n\n\n<div class=\"wp-block-image\">\n<figure class=\"aligncenter size-full\"><img loading=\"lazy\" decoding=\"async\" width=\"173\" height=\"2\" src=\"https:\/\/www.sitercl.com\/News\/wp-content\/uploads\/2022\/03\/NAVIsep3.gif\" alt=\"\" class=\"wp-image-7319\"\/><\/figure>\n<\/div>\n\n\n<p><strong><em>Avant match&#8230;<\/em><\/strong><br><br><b>www.lavoixdunord.fr<\/b> :<br>-01\/09\/2024 <a href=\"https:\/\/www.lavoixdunord.fr\/1497632\/article\/2024-09-01\/monaco-rc-lens-anass-zaroury-nouveau-titulaire\" target=\"_blank\" rel=\"noopener\">Monaco \u2013 RC Lens : Anass Zaroury \u00e0 nouveau titulaire<\/a><br>-01\/09\/2024 <a href=\"https:\/\/www.lavoixdunord.fr\/1497531\/article\/2024-09-01\/performer-pour-oublier-comment-lens-prepare-son-deplacement-monaco-le-match-d\" target=\"_blank\" rel=\"noopener\">\u00ab Performer pour oublier \u00bb : comment Lens a pr\u00e9par\u00e9 son d\u00e9placement \u00e0 Monaco, \u00ab le match d\u2019apr\u00e8s \u00bb<\/a><br>-31\/08\/2024 <a href=\"https:\/\/www.lavoixdunord.fr\/1497256\/article\/2024-08-31\/monaco-rc-lens-el-aynaoui-trop-juste-machado-suspendu-danso-en-salle-d-attente\" target=\"_blank\" rel=\"noopener\">Monaco &#8211; RC Lens : El Aynaoui trop juste, Machado suspendu, Danso en salle d\u2019attente<\/a><br>-31\/08\/2024 <a href=\"https:\/\/www.lavoixdunord.fr\/1497381\/article\/2024-08-31\/rc-lens-kevin-danso-est-hyper-positif-et-heureux-d-etre-ici-assure-will-still\" target=\"_blank\" rel=\"noopener\">RC Lens : \u00ab Kevin Danso est hyper positif et heureux d\u2019\u00eatre ici \u00bb, assure Will Still<\/a><br><br><b>www.lequipe.fr<\/b> :<br>-31\/08\/2024 <a href=\"https:\/\/www.lequipe.fr\/Football\/Actualites\/Lens-sans-danso-el-aynaoui-ni-machado-a-monaco\/1504838\" target=\"_blank\" rel=\"noopener\">Foot : Lens sans Danso, el-Aynaoui ni Machado \u00e0 Monaco<\/a><br><br><b>www.90min.com<\/b> :<br>-30\/08\/2024 <a href=\"https:\/\/www.90min.com\/fr\/posts\/as-monaco-rc-lens-les-compositions-probables-dernieres-news-et-predictions-de-ce-choc-de-ligue-1-01-09-2024\" target=\"_blank\" rel=\"noopener\">AS Monaco &#8211; RC Lens : Les compositions probables, derni\u00e8res news et pr\u00e9dictions de ce choc de Ligue 1<\/a><br><br><b>madeinfoot.ouest-france.fr<\/b> :<br>-31\/08\/2024 <a href=\"https:\/\/madeinfoot.ouest-france.fr\/infos\/article-as-monaco-un-gros-retour-dans-le-groupe-de-l-asm-pour-l-affiche-face-au-rc-lens-456294.html\" target=\"_blank\" rel=\"noopener\">AS Monaco : Un gros retour dans le groupe de l&rsquo;ASM pour l&rsquo;affiche face au RC Lens<\/a><\/p>\n","protected":false},"excerpt":{"rendered":"<p>Retrouvez une s\u00e9lection d&rsquo;articles du Web sur la rencontre de la 3e journ\u00e9e de Ligue 1 McDonald&rsquo;s saison 2024\/2025 entre l&rsquo;AS Monaco et le RC Lens (1-1)&#8230; www.lavoixdunord.fr :-01\/09\/2024 DIRECT. Monaco &#8211; Lens : les Sang et Or arrachent un nul m\u00e9rit\u00e9-01\/09\/2024 Monaco &#8211; RC Lens : \u00ab Il a fallu \u00eatre fort \u00bb, souligne &hellip; <a href=\"https:\/\/www.sitercl.com\/News\/?p=13260\" class=\"more-link\">Continuer la lecture<span class=\"screen-reader-text\"> de &laquo;&nbsp;Revue du Web Monaco &#8211; Lens&nbsp;&raquo;<\/span><\/a><\/p>\n","protected":false},"author":2,"featured_media":0,"comment_status":"closed","ping_status":"open","sticky":false,"template":"","format":"standard","meta":{"footnotes":""},"categories":[6],"tags":[13,151,222],"class_list":["post-13260","post","type-post","status-publish","format-standard","hentry","category-revue-du-web","tag-internet","tag-ligue-1","tag-monaco"],"_links":{"self":[{"href":"https:\/\/www.sitercl.com\/News\/index.php?rest_route=\/wp\/v2\/posts\/13260","targetHints":{"allow":["GET"]}}],"collection":[{"href":"https:\/\/www.sitercl.com\/News\/index.php?rest_route=\/wp\/v2\/posts"}],"about":[{"href":"https:\/\/www.sitercl.com\/News\/index.php?rest_route=\/wp\/v2\/types\/post"}],"author":[{"embeddable":true,"href":"https:\/\/www.sitercl.com\/News\/index.php?rest_route=\/wp\/v2\/users\/2"}],"replies":[{"embeddable":true,"href":"https:\/\/www.sitercl.com\/News\/index.php?rest_route=%2Fwp%2Fv2%2Fcomments&post=13260"}],"version-history":[{"count":9,"href":"https:\/\/www.sitercl.com\/News\/index.php?rest_route=\/wp\/v2\/posts\/13260\/revisions"}],"predecessor-version":[{"id":13290,"href":"https:\/\/www.sitercl.com\/News\/index.php?rest_route=\/wp\/v2\/posts\/13260\/revisions\/13290"}],"wp:attachment":[{"href":"https:\/\/www.sitercl.com\/News\/index.php?rest_route=%2Fwp%2Fv2%2Fmedia&parent=13260"}],"wp:term":[{"taxonomy":"category","embeddable":true,"href":"https:\/\/www.sitercl.com\/News\/index.php?rest_route=%2Fwp%2Fv2%2Fcategories&post=13260"},{"taxonomy":"post_tag","embeddable":true,"href":"https:\/\/www.sitercl.com\/News\/index.php?rest_route=%2Fwp%2Fv2%2Ftags&post=13260"}],"curies":[{"name":"wp","href":"https:\/\/api.w.org\/{rel}","templated":true}]}}