{"id":13312,"date":"2024-09-09T18:56:46","date_gmt":"2024-09-09T16:56:46","guid":{"rendered":"https:\/\/www.sitercl.com\/News\/?p=13312"},"modified":"2024-09-09T18:56:46","modified_gmt":"2024-09-09T16:56:46","slug":"du-beau-monde-pour-la-revanche","status":"publish","type":"post","link":"https:\/\/www.sitercl.com\/News\/?p=13312","title":{"rendered":"Du beau monde pour \u00ab\u00a0la revanche\u00a0\u00bb"},"content":{"rendered":"<div class=\"wp-block-image\">\n<figure class=\"alignright size-large is-resized\"><img decoding=\"async\" src=\"https:\/\/www.sitercl.com\/News\/wp-content\/uploads\/2024\/07\/match2023_legendes.jpg\" alt=\"\" style=\"width:250px\"\/><\/figure>\n<\/div>\n\n\n<p><a href=\"https:\/\/www.sitercl.com\/News\/?p=13017\">Rappel<\/a>, ce mercredi 11 septembre \u00e0 partir de 19h au stade Bollaert-Delelis, un match \u00ab\u00a0<em>la revanche des l\u00e9gendes<\/em>\u00a0\u00bb qui opposera une \u00e9quipe compos\u00e9e de joueurs embl\u00e9matiques de l\u2019histoire du RC Lens face \u00e0 d\u2019anciens footballeurs internationaux (et des c\u00e9l\u00e9brit\u00e9s) se jouera au profit de l\u2019association \u00ab\u00a0<em><a href=\"http:\/\/www.assopascalolmeta.com\/\" target=\"_blank\" rel=\"noreferrer noopener\">Un sourire, un espoir pour la vie<\/a><\/em>\u00a0\u00bb fond\u00e9e par Pascal Olmeta.<\/p>\n\n\n\n<p>Il est toujours possible d&rsquo;acheter ses places\u00a0<a href=\"https:\/\/billetterie.rclens.fr\/\" target=\"_blank\" rel=\"noreferrer noopener\">sur la billetterie en ligne du Racing<\/a> (\u00e0 partir de 10 euros pour le plein tarif)&#8230;<\/p>\n\n\n\n<p><em><strong>Quelques joueurs de la Team RC Lens :<\/strong><\/em><br>Herv\u00e9 Ars\u00e8ne,\u00a0Beno\u00eet Assou-Ekotto,\u00a0Roger Boli, S\u00e9bastien Dallet,\u00a0Micka\u00ebl Deb\u00e8ve,\u00a0Fr\u00e9d\u00e9ric D\u00e9hu,\u00a0Mounir Diane, El Hadji Diouf, Guillaume Gillet,\u00a0Medhy Guezoui, Laurent Hochart,\u00a0Yoann Lachor,\u00a0Robert Malm, Xavier M\u00e9ride, Walid Mesloub,\u00a0Daniel Moreira,\u00a0Franck Queudrue, Didier S\u00e9nac,\u00a0Eric Sikora,\u00a0Vladimir Smicer,\u00a0Samba Sow, Fran\u00e7ois-Xavier Swiniarski, Olivier Thomert,\u00a0Jean-Guy Wallemme,\u00a0Guillaume Warmuz,\u00a0Alaeddine Yahia&#8230;<\/p>\n\n\n\n<p><em><strong>Quelques joueurs de la Team L\u00e9gendes\u00a0:<\/strong><\/em><br>Basile Boli, Redouane Bougheraba, Olivier Brouzet, Eric Carri\u00e8re, Gr\u00e9gory Coupet, Oc\u00e9ane Daniel, Didier Deschamps, Laurent Fournier, Enzo Francescoli, Eric Fraticelli, Bruno Germain, Ludovic Giuly, Eden Hazard, J\u00e9r\u00e9mie Janot, Le Bouseuh, Paul Mirabel, Samir Nasri, Bernard Pardo, Fr\u00e9r\u00e9ric Piquionne, Florent Sinama-Pongolle, Steve Savidan, Jean Tigana&#8230;<\/p>\n","protected":false},"excerpt":{"rendered":"<p>Rappel, ce mercredi 11 septembre \u00e0 partir de 19h au stade Bollaert-Delelis, un match \u00ab\u00a0la revanche des l\u00e9gendes\u00a0\u00bb qui opposera une \u00e9quipe compos\u00e9e de joueurs embl\u00e9matiques de l\u2019histoire du RC Lens face \u00e0 d\u2019anciens footballeurs internationaux (et des c\u00e9l\u00e9brit\u00e9s) se jouera au profit de l\u2019association \u00ab\u00a0Un sourire, un espoir pour la vie\u00a0\u00bb fond\u00e9e par Pascal &hellip; <a href=\"https:\/\/www.sitercl.com\/News\/?p=13312\" class=\"more-link\">Continuer la lecture<span class=\"screen-reader-text\"> de &laquo;&nbsp;Du beau monde pour \u00ab\u00a0la revanche\u00a0\u00bb&nbsp;&raquo;<\/span><\/a><\/p>\n","protected":false},"author":2,"featured_media":0,"comment_status":"closed","ping_status":"open","sticky":false,"template":"","format":"standard","meta":{"footnotes":""},"categories":[2],"tags":[77,8,54,116],"class_list":["post-13312","post","type-post","status-publish","format-standard","hentry","category-infos","tag-ancien","tag-billetterie","tag-bollaert","tag-solidarite"],"_links":{"self":[{"href":"https:\/\/www.sitercl.com\/News\/index.php?rest_route=\/wp\/v2\/posts\/13312","targetHints":{"allow":["GET"]}}],"collection":[{"href":"https:\/\/www.sitercl.com\/News\/index.php?rest_route=\/wp\/v2\/posts"}],"about":[{"href":"https:\/\/www.sitercl.com\/News\/index.php?rest_route=\/wp\/v2\/types\/post"}],"author":[{"embeddable":true,"href":"https:\/\/www.sitercl.com\/News\/index.php?rest_route=\/wp\/v2\/users\/2"}],"replies":[{"embeddable":true,"href":"https:\/\/www.sitercl.com\/News\/index.php?rest_route=%2Fwp%2Fv2%2Fcomments&post=13312"}],"version-history":[{"count":1,"href":"https:\/\/www.sitercl.com\/News\/index.php?rest_route=\/wp\/v2\/posts\/13312\/revisions"}],"predecessor-version":[{"id":13315,"href":"https:\/\/www.sitercl.com\/News\/index.php?rest_route=\/wp\/v2\/posts\/13312\/revisions\/13315"}],"wp:attachment":[{"href":"https:\/\/www.sitercl.com\/News\/index.php?rest_route=%2Fwp%2Fv2%2Fmedia&parent=13312"}],"wp:term":[{"taxonomy":"category","embeddable":true,"href":"https:\/\/www.sitercl.com\/News\/index.php?rest_route=%2Fwp%2Fv2%2Fcategories&post=13312"},{"taxonomy":"post_tag","embeddable":true,"href":"https:\/\/www.sitercl.com\/News\/index.php?rest_route=%2Fwp%2Fv2%2Ftags&post=13312"}],"curies":[{"name":"wp","href":"https:\/\/api.w.org\/{rel}","templated":true}]}}