{"id":13459,"date":"2024-10-05T15:23:10","date_gmt":"2024-10-05T13:23:10","guid":{"rendered":"https:\/\/www.sitercl.com\/News\/?p=13459"},"modified":"2024-10-07T20:40:56","modified_gmt":"2024-10-07T18:40:56","slug":"revue-du-web-strasbourg-lens-4","status":"publish","type":"post","link":"https:\/\/www.sitercl.com\/News\/?p=13459","title":{"rendered":"Revue du Web Strasbourg &#8211; Lens"},"content":{"rendered":"<div class=\"wp-block-image\">\n<figure class=\"alignright size-full\"><img loading=\"lazy\" decoding=\"async\" width=\"150\" height=\"106\" src=\"https:\/\/www.sitercl.com\/News\/wp-content\/uploads\/2019\/01\/clavball.png\" alt=\"\" class=\"wp-image-587\"\/><\/figure>\n<\/div>\n\n\n<p>Retrouvez une s\u00e9lection d&rsquo;articles du Web sur la rencontre de la 7e journ\u00e9e de Ligue 1 McDonald&rsquo;s saison 2024\/2025 entre le RC Strasbourg-Alsace et le RC Lens (2-2)&#8230;<br><br><b>www.lavoixdunord.fr<\/b> :<br>-07\/10\/2024 <a href=\"https:\/\/www.lavoixdunord.fr\/1509863\/article\/2024-10-07\/comment-un-arbitrage-illisible-brouille-le-match-du-rc-lens-strasbourg-et-son\" target=\"_blank\" rel=\"noopener\">Comment un arbitrage illisible a brouill\u00e9 le match du RC Lens \u00e0 Strasbourg, et son analyse<\/a><br>-07\/10\/2024 <a href=\"https:\/\/www.lavoixdunord.fr\/1509831\/article\/2024-10-07\/rc-lens-thomasson-diouf-double-pivot-double-detente\" target=\"_blank\" rel=\"noopener\">RC Lens : Thomasson \u2013 Diouf, double pivot, double d\u00e9tente<\/a><br>-06\/10\/2024 <a href=\"https:\/\/www.lavoixdunord.fr\/1509792\/article\/2024-10-06\/strasbourg-lens-match-nul-tres-frustrant-du-rc-lens\" target=\"_blank\" rel=\"noopener\">Strasbourg \u2013 Lens : match nul tr\u00e8s frustrant du RC Lens<\/a><br>-06\/10\/2024 <a href=\"https:\/\/www.lavoixdunord.fr\/1509794\/article\/2024-10-06\/strasbourg-lens-will-still-s-il-y-penalty-il-va-y-en-avoir-beaucoup-il-faut-qu-m\" target=\"_blank\" rel=\"noopener\">Strasbourg \u2013 Lens, Will Still : \u00ab S\u2019il y a penalty, il va y en avoir beaucoup, il faut qu\u2019on m\u2019explique \u00bb (vid\u00e9o)<\/a><br>-06\/10\/2024 <a href=\"https:\/\/www.lavoixdunord.fr\/1509790\/article\/2024-10-06\/strasbourg-lens-andy-diouf-avait-pourtant-fait-la-difference-les-notes-des\" target=\"_blank\" rel=\"noopener\">Strasbourg \u2013 Lens : Andy Diouf avait pourtant fait la diff\u00e9rence, les notes des Lensois<\/a><br>-06\/10\/2024 <a href=\"https:\/\/www.lavoixdunord.fr\/1509766\/article\/2024-10-06\/strasbourg-lens-pourquoi-brice-samba-etait-furieux-contre-mme-frappart\" target=\"_blank\" rel=\"noopener\">Strasbourg \u2013 Lens : pourquoi Brice Samba \u00e9tait furieux contre Mme Frappart ?<\/a><br><br><b>www.lequipe.fr<\/b> :<br>-06\/10\/2024 <a href=\"https:\/\/www.lequipe.fr\/Football\/match-direct\/ligue-1\/2024-2025\/strasbourg-lens-live\/655919\" target=\"_blank\" rel=\"noopener\">Strasbourg 2-2 Lens, Ligue 1 : r\u00e9sum\u00e9 du match (06\/10\/2024)<\/a><br><br><b>news.maxifoot.fr<\/b> :<br>-06\/10\/2024 <a href=\"https:\/\/news.maxifoot.fr\/ligue-1\/strasbourg-2-2-lens-fini-foot-420654.htm\" target=\"_blank\" rel=\"noopener\">L1 : Strasbourg 2-2 Lens (fini)<\/a><br><br><b>www.dna.fr<\/b> :<br>-06\/10\/2024 <a href=\"https:\/\/www.dna.fr\/sport\/2024\/10\/06\/habib-diarra-apres-le-nul-entre-les-deux-racing-(2-2)-on-va-prendre-ca-comme-un-bon-point\" target=\"_blank\" rel=\"noopener\">Vid\u00e9o. Habib Diarra apr\u00e8s le nul entre les deux Racing (2-2) : \u00ab On va prendre \u00e7a comme un bon point \u00bb<\/a><br>-06\/10\/2024 <a href=\"https:\/\/www.dna.fr\/sport\/2024\/10\/06\/les-plus-belles-images-de-racing-lens-(2-2)\" target=\"_blank\" rel=\"noopener\">Diaporama. Les plus belles images de Racing-Lens (2-2)<\/a><br>-06\/10\/2024 <a href=\"https:\/\/www.dna.fr\/sport\/2024\/10\/06\/un-racing-a-reaction-avec-du-caractere\" target=\"_blank\" rel=\"noopener\">Ligue 1. Les tops et les flops de Racing &#8211; Lens (2-2) : des Bleus \u00e0 r\u00e9action, avec du caract\u00e8re<\/a><\/p>\n\n\n<div class=\"wp-block-image\">\n<figure class=\"aligncenter size-full\"><img loading=\"lazy\" decoding=\"async\" width=\"173\" height=\"2\" src=\"https:\/\/www.sitercl.com\/News\/wp-content\/uploads\/2022\/03\/NAVIsep3.gif\" alt=\"\" class=\"wp-image-7319\"\/><\/figure>\n<\/div>\n\n\n<p><strong><em>Avant match&#8230;<\/em><\/strong><br><br><b>www.lavoixdunord.fr<\/b> :<br>-05\/10\/2024 <a href=\"https:\/\/www.lavoixdunord.fr\/1509435\/article\/2024-10-05\/rc-lens-une-defense-inedite-strasbourg\" target=\"_blank\" rel=\"noopener\">RC Lens : une d\u00e9fense in\u00e9dite \u00e0 Strasbourg<\/a><br>-05\/10\/2024 <a href=\"https:\/\/www.lavoixdunord.fr\/1509505\/article\/2024-10-05\/rc-lens-machado-un-11e-absent-pour-lens-strasbourg\" target=\"_blank\" rel=\"noopener\">RC Lens : Machado, un 11e absent pour Lens \u00e0 Strasbourg ! &#8211; La Voix du Nord<\/a><br>-04\/10\/2024 <a href=\"https:\/\/www.lavoixdunord.fr\/1509147\/article\/2024-10-05\/strasbourg-lens-still-toujours-pas-inquiet-pour-l-attaque\" target=\"_blank\" rel=\"noopener\">Strasbourg \u2013 Lens : Still toujours pas inquiet pour l\u2019attaque<\/a><br>-04\/10\/2024 <a href=\"https:\/\/www.lavoixdunord.fr\/1508979\/article\/2024-10-04\/rc-lens-va-jouer-en-1-6-3-plaisante-will-still-face-la-cascade-d-absences-en\" target=\"_blank\" rel=\"noopener\">RC Lens : \u00ab On va jouer en 1-6-3 \u00bb, plaisante Will Still face \u00e0 la cascade d\u2019absences, en d\u00e9fense surtout<\/a><br>-04\/10\/2024 <a href=\"https:\/\/www.lavoixdunord.fr\/1509105\/article\/2024-10-04\/strasbourg-lens-dix-absents-chez-les-sang-et-or\" target=\"_blank\" rel=\"noopener\">Strasbourg &#8211; Lens : dix absents chez les Sang et Or<\/a><br>-04\/10\/2024 <a href=\"https:\/\/www.lavoixdunord.fr\/1508967\/article\/2024-10-04\/rc-lens-je-suis-de-retour-plus-fort-que-jamais-kevin-danso-apte-rejouer\" target=\"_blank\" rel=\"noopener\">RC Lens : \u00ab Je suis de retour, plus fort que jamais \u00bb, Kevin Danso apte \u00e0 rejouer<\/a><br>-04\/10\/2024 <a href=\"https:\/\/www.lavoixdunord.fr\/1508952\/article\/2024-10-04\/sur-un-malentendu-ca-peut-marcher-comment-michel-blanc-s-est-retrouve-dans-les\" target=\"_blank\" rel=\"noopener\">\u00ab Sur un malentendu, \u00e7a peut marcher \u00bb : comment Michel Blanc s\u2019est retrouv\u00e9 dans les tribunes de Bollaert<\/a><br><br><b>www.lequipe.fr<\/b> :<br>-04\/10\/2024 <a href=\"https:\/\/www.lequipe.fr\/Football\/Actualites\/Dix-absents-a-strasbourg-le-rc-lens-face-a-une-hecatombe-avant-la-7e-journee-de-ligue-1\/1511850\" target=\"_blank\" rel=\"noopener\">Dix absents \u00e0 Strasbourg : le RC Lens face \u00e0 une h\u00e9catombe avant la 7e journ\u00e9e de Ligue 1 (Ligue 1)<\/a><br>-05\/10\/2024 <a href=\"https:\/\/www.lequipe.fr\/Football\/Actualites\/Strasbourg-sans-mamadou-sarr-contre-lens\/1512041\" target=\"_blank\" rel=\"noopener\">Ligue 1 : Strasbourg sans Mamadou Sarr contre Lens<\/a><br>-04\/10\/2024 <a href=\"https:\/\/www.lequipe.fr\/Football\/Actualites\/Kevin-danso-lens-apte-a-reprendre-la-competition\/1511847\" target=\"_blank\" rel=\"noopener\">Ligue 1 : Kevin Danso (Lens) apte \u00e0 reprendre la comp\u00e9tition<\/a><br>-06\/10\/2024 <a href=\"https:\/\/www.lequipe.fr\/Football\/Actualites\/Apres-son-succes-contre-l-om-strasbourg-en-quete-de-confirmation-contre-lens\/1512066\" target=\"_blank\" rel=\"noopener\">Ligue 1 : \u00ab Avoir le ballon, jouer sans peur, garder notre identit\u00e9 et surtout s&rsquo;amuser \u00bb, Strasbourg \u00e0 fond sur ses principes de jeu<\/a><br><br><b>www.90min.com<\/b> :<br>-03\/10\/2024 <a href=\"https:\/\/www.90min.com\/fr\/posts\/rc-strasbourg-rc-lens-sur-quelle-chaine-les-compos-probables-et-nos-predictions-pour-ce-choc-de-ligue-1-06-10-2024\" target=\"_blank\" rel=\"noopener\">RC Strasbourg &#8211; RC Lens : Sur quelle cha\u00eene, les compos probables et nos pr\u00e9dictions pour ce choc de Ligue 1<\/a><br><br><b>sports.orange.fr<\/b> :<br>-06\/10\/2024 <a href=\"https:\/\/sports.orange.fr\/football\/ligue-1\/avant-match\/l1-j7-tout-savoir-sur-strasbourg-lens-CNT000002fg8bZ.html\" target=\"_blank\" rel=\"noopener\">L1 (J7) : Tout savoir sur Strasbourg &#8211; Lens<\/a><br><br><b>www.footmercato.net<\/b> :<br>-05\/10\/2024 <a href=\"https:\/\/www.footmercato.net\/a5834772107757160188-rc-lens-le-monstre-abdukodir-khusanov-ne-cesse-dimpressionner\" target=\"_blank\" rel=\"noopener\">RC Lens : le \u00ab\u00a0monstre\u00a0\u00bb Abdukodir Khusanov ne cesse d\u2019impressionner<\/a><br><br><b>www.dna.fr<\/b> :<br>-05\/10\/2024 <a href=\"https:\/\/www.dna.fr\/sport\/2024\/10\/05\/le-racing-sans-sarr-et-senaya-contre-lens\" target=\"_blank\" rel=\"noopener\">Ligue 1. Le Racing sans Sarr ni Senaya contre Lens, dimanche (17h)<\/a><br>-04\/10\/2024 <a href=\"https:\/\/www.dna.fr\/sport\/2024\/10\/04\/liam-rosenior-avant-racing-lens-avoir-battu-marseille-ne-veut-rien-dire\" target=\"_blank\" rel=\"noopener\">Vid\u00e9o. Liam Rosenior avant Racing \u2013 Lens : \u00ab Avoir battu Marseille ne veut rien dire \u00bb<\/a><\/p>\n","protected":false},"excerpt":{"rendered":"<p>Retrouvez une s\u00e9lection d&rsquo;articles du Web sur la rencontre de la 7e journ\u00e9e de Ligue 1 McDonald&rsquo;s saison 2024\/2025 entre le RC Strasbourg-Alsace et le RC Lens (2-2)&#8230; www.lavoixdunord.fr :-07\/10\/2024 Comment un arbitrage illisible a brouill\u00e9 le match du RC Lens \u00e0 Strasbourg, et son analyse-07\/10\/2024 RC Lens : Thomasson \u2013 Diouf, double pivot, double &hellip; <a href=\"https:\/\/www.sitercl.com\/News\/?p=13459\" class=\"more-link\">Continuer la lecture<span class=\"screen-reader-text\"> de &laquo;&nbsp;Revue du Web Strasbourg &#8211; Lens&nbsp;&raquo;<\/span><\/a><\/p>\n","protected":false},"author":2,"featured_media":0,"comment_status":"closed","ping_status":"open","sticky":false,"template":"","format":"standard","meta":{"footnotes":""},"categories":[6],"tags":[13,151,188],"class_list":["post-13459","post","type-post","status-publish","format-standard","hentry","category-revue-du-web","tag-internet","tag-ligue-1","tag-strasbourg"],"_links":{"self":[{"href":"https:\/\/www.sitercl.com\/News\/index.php?rest_route=\/wp\/v2\/posts\/13459","targetHints":{"allow":["GET"]}}],"collection":[{"href":"https:\/\/www.sitercl.com\/News\/index.php?rest_route=\/wp\/v2\/posts"}],"about":[{"href":"https:\/\/www.sitercl.com\/News\/index.php?rest_route=\/wp\/v2\/types\/post"}],"author":[{"embeddable":true,"href":"https:\/\/www.sitercl.com\/News\/index.php?rest_route=\/wp\/v2\/users\/2"}],"replies":[{"embeddable":true,"href":"https:\/\/www.sitercl.com\/News\/index.php?rest_route=%2Fwp%2Fv2%2Fcomments&post=13459"}],"version-history":[{"count":9,"href":"https:\/\/www.sitercl.com\/News\/index.php?rest_route=\/wp\/v2\/posts\/13459\/revisions"}],"predecessor-version":[{"id":13488,"href":"https:\/\/www.sitercl.com\/News\/index.php?rest_route=\/wp\/v2\/posts\/13459\/revisions\/13488"}],"wp:attachment":[{"href":"https:\/\/www.sitercl.com\/News\/index.php?rest_route=%2Fwp%2Fv2%2Fmedia&parent=13459"}],"wp:term":[{"taxonomy":"category","embeddable":true,"href":"https:\/\/www.sitercl.com\/News\/index.php?rest_route=%2Fwp%2Fv2%2Fcategories&post=13459"},{"taxonomy":"post_tag","embeddable":true,"href":"https:\/\/www.sitercl.com\/News\/index.php?rest_route=%2Fwp%2Fv2%2Ftags&post=13459"}],"curies":[{"name":"wp","href":"https:\/\/api.w.org\/{rel}","templated":true}]}}