{"id":13496,"date":"2024-10-09T18:47:08","date_gmt":"2024-10-09T16:47:08","guid":{"rendered":"https:\/\/www.sitercl.com\/News\/?p=13496"},"modified":"2024-10-09T18:47:08","modified_gmt":"2024-10-09T16:47:08","slug":"lens-et-lol-renouent-avec-la-lfp","status":"publish","type":"post","link":"https:\/\/www.sitercl.com\/News\/?p=13496","title":{"rendered":"Lens et l&rsquo;OL renouent avec la LFP"},"content":{"rendered":"<div class=\"wp-block-image\">\n<figure class=\"alignright size-full\"><img loading=\"lazy\" decoding=\"async\" width=\"150\" height=\"101\" src=\"https:\/\/www.sitercl.com\/News\/wp-content\/uploads\/2018\/11\/lfp_l1l2.jpg\" alt=\"\" class=\"wp-image-74\"\/><\/figure>\n<\/div>\n\n\n<p>On se souvient que le RC Lens et l&rsquo;OL ont \u00e9t\u00e9 tr\u00e8s critiques ces derniers temps avec les instances dirigeantes de la LFP mais les deux clubs viennent de faire un pas en direction de l&rsquo;instance en acceptant de faire partie d&rsquo;un\u00a0<em>\u00ab\u00a0comit\u00e9 strat\u00e9gique consultatif\u00a0\u00bb<\/em>\u00a0de LFP Media (la filiale commerciale de la Ligue).<\/p>\n\n\n\n<p>En compagnie de Nasser al-Khela\u00effi (PSG), Yvan Gazidis (Saint-Etienne), Pablo Longoria (Marseille) et Jean-Pierre Riv\u00e8re (Nice), Joseph Oughourlian et Laurent Prud&rsquo;homme (OL) ont \u00e9t\u00e9\u00a0<em>\u00ab\u00a0d\u00e9sign\u00e9s afin de mieux int\u00e9grer les clubs dans la gouvernance de LFP Media\u00a0\u00bb<\/em>. Cette structure est charg\u00e9e\u00a0<em>\u00ab\u00a0de pr\u00e9senter des propositions et suggestions en termes de strat\u00e9gie et d&rsquo;orientation commerciale\u00a0\u00bb<\/em>.<\/p>\n","protected":false},"excerpt":{"rendered":"<p>On se souvient que le RC Lens et l&rsquo;OL ont \u00e9t\u00e9 tr\u00e8s critiques ces derniers temps avec les instances dirigeantes de la LFP mais les deux clubs viennent de faire un pas en direction de l&rsquo;instance en acceptant de faire partie d&rsquo;un\u00a0\u00ab\u00a0comit\u00e9 strat\u00e9gique consultatif\u00a0\u00bb\u00a0de LFP Media (la filiale commerciale de la Ligue). En compagnie de &hellip; <a href=\"https:\/\/www.sitercl.com\/News\/?p=13496\" class=\"more-link\">Continuer la lecture<span class=\"screen-reader-text\"> de &laquo;&nbsp;Lens et l&rsquo;OL renouent avec la LFP&nbsp;&raquo;<\/span><\/a><\/p>\n","protected":false},"author":2,"featured_media":0,"comment_status":"closed","ping_status":"open","sticky":false,"template":"","format":"standard","meta":{"footnotes":""},"categories":[2],"tags":[114,19],"class_list":["post-13496","post","type-post","status-publish","format-standard","hentry","category-infos","tag-lfp","tag-oughourlian"],"_links":{"self":[{"href":"https:\/\/www.sitercl.com\/News\/index.php?rest_route=\/wp\/v2\/posts\/13496","targetHints":{"allow":["GET"]}}],"collection":[{"href":"https:\/\/www.sitercl.com\/News\/index.php?rest_route=\/wp\/v2\/posts"}],"about":[{"href":"https:\/\/www.sitercl.com\/News\/index.php?rest_route=\/wp\/v2\/types\/post"}],"author":[{"embeddable":true,"href":"https:\/\/www.sitercl.com\/News\/index.php?rest_route=\/wp\/v2\/users\/2"}],"replies":[{"embeddable":true,"href":"https:\/\/www.sitercl.com\/News\/index.php?rest_route=%2Fwp%2Fv2%2Fcomments&post=13496"}],"version-history":[{"count":1,"href":"https:\/\/www.sitercl.com\/News\/index.php?rest_route=\/wp\/v2\/posts\/13496\/revisions"}],"predecessor-version":[{"id":13497,"href":"https:\/\/www.sitercl.com\/News\/index.php?rest_route=\/wp\/v2\/posts\/13496\/revisions\/13497"}],"wp:attachment":[{"href":"https:\/\/www.sitercl.com\/News\/index.php?rest_route=%2Fwp%2Fv2%2Fmedia&parent=13496"}],"wp:term":[{"taxonomy":"category","embeddable":true,"href":"https:\/\/www.sitercl.com\/News\/index.php?rest_route=%2Fwp%2Fv2%2Fcategories&post=13496"},{"taxonomy":"post_tag","embeddable":true,"href":"https:\/\/www.sitercl.com\/News\/index.php?rest_route=%2Fwp%2Fv2%2Ftags&post=13496"}],"curies":[{"name":"wp","href":"https:\/\/api.w.org\/{rel}","templated":true}]}}