{"id":13573,"date":"2024-10-27T08:57:05","date_gmt":"2024-10-27T07:57:05","guid":{"rendered":"https:\/\/www.sitercl.com\/News\/?p=13573"},"modified":"2024-10-29T19:52:18","modified_gmt":"2024-10-29T18:52:18","slug":"revue-du-web-rcl-losc","status":"publish","type":"post","link":"https:\/\/www.sitercl.com\/News\/?p=13573","title":{"rendered":"Revue du Web RCL &#8211; LOSC"},"content":{"rendered":"<div class=\"wp-block-image\">\n<figure class=\"alignright size-full\"><img loading=\"lazy\" decoding=\"async\" width=\"150\" height=\"106\" src=\"https:\/\/www.sitercl.com\/News\/wp-content\/uploads\/2019\/01\/clavball.png\" alt=\"\" class=\"wp-image-587\"\/><\/figure>\n<\/div>\n\n\n<p>Retrouvez une s\u00e9lection d&rsquo;articles du Web sur la rencontre de Ligue 1 McDonald&rsquo;s saison 2024\/2025 entre le RC Lens et le LOSC (0-2)&#8230;<br><br><b>www.lavoixdunord.fr<\/b> :<br>-28\/10\/2024 <a href=\"https:\/\/www.lavoixdunord.fr\/1517400\/article\/2024-10-28\/gestes-deplaces-et-obscenes-des-lillois-apres-le-derby-le-rc-lens-demande-des\" target=\"_blank\" rel=\"noopener\">Gestes d\u00e9plac\u00e9s et obsc\u00e8nes des Lillois apr\u00e8s le derby : le RC Lens interpelle la Ligue<\/a><br>-28\/10\/2024 <a href=\"https:\/\/www.lavoixdunord.fr\/1517364\/article\/2024-10-28\/massacrez-ces-clebards-que-risquent-les-supporters-qui-brandissent-des-tifos\" target=\"_blank\" rel=\"noopener\">\u00ab Massacrez ces cl\u00e9bards \u00bb : que risquent les supporters qui brandissent des tifos haineux ?<\/a><br>-27\/10\/2024 <a href=\"https:\/\/www.lavoixdunord.fr\/1517096\/article\/2024-10-27\/rc-lens-et-devant-fait-quoi\" target=\"_blank\" rel=\"noopener\">RC Lens : et devant, on fait quoi ?<\/a><br>-27\/10\/2024 <a href=\"https:\/\/www.lavoixdunord.fr\/1517005\/article\/2024-10-27\/les-mains-c-est-du-cas-par-cas-c-est-frustrant-au-rc-lens-le-penalty-qui-ne\" target=\"_blank\" rel=\"noopener\">\u00ab Les mains, c\u2019est du cas par cas, c\u2019est frustrant \u00bb : au RC Lens, le penalty qui ne passe pas<\/a><br>-27\/10\/2024 <a href=\"https:\/\/www.lavoixdunord.fr\/1517093\/article\/2024-10-27\/tom-pouilly-est-bon-et-va-etre-bon-il-faut-lui-donner-du-temps-insiste-will\" target=\"_blank\" rel=\"noopener\">\u00ab Tom Pouilly est bon et va \u00eatre bon, il faut lui donner du temps \u00bb, insiste Will Still<\/a><br>-27\/10\/2024 <a href=\"https:\/\/www.lavoixdunord.fr\/1517079\/article\/2024-10-27\/rc-lens-frankowski-ne-pouvait-plus-poser-le-pied\" target=\"_blank\" rel=\"noopener\">RC Lens : \u00ab Frankowski ne pouvait plus poser le pied \u00bb<\/a><br>-27\/10\/2024 <a href=\"https:\/\/www.lavoixdunord.fr\/1516893\/article\/2024-10-27\/lens-lille-et-au-bout-de-l-effort-le-losc-fait-basculer-le-derby\" target=\"_blank\" rel=\"noopener\">Lens &#8211; Lille : et au bout de l\u2019effort, le LOSC fait basculer le derby<\/a><br>-27\/10\/2024 <a href=\"https:\/\/www.lavoixdunord.fr\/1516894\/article\/2024-10-27\/lens-lille-il-y-une-incomprehension-au-sujet-du-penalty-confie-will-still\" target=\"_blank\" rel=\"noopener\">Lens &#8211; Lille : \u00ab Il y a une incompr\u00e9hension \u00bb au sujet du penalty, confie Will Still<\/a><br>-26\/10\/2024 <a href=\"https:\/\/www.lavoixdunord.fr\/1516878\/article\/2024-10-26\/massacrez-ces-clebards-la-deesse-eliminer-les-banderoles-offensives-de-bollaert\" target=\"_blank\" rel=\"noopener\">\u00ab Massacrez ces cl\u00e9bards \u00bb, \u00ab La d\u00e9esse \u00e0 \u00e9liminer \u00bb : les banderoles offensives de Bollaert avant le derby Lens &#8211; Lille<\/a><br><br><b>www.lequipe.fr<\/b> :<br>-26\/10\/2024 <a href=\"https:\/\/www.lequipe.fr\/Football\/Actualites\/Lille-arrache-le-derby-a-lens-dans-le-temps-additionnel\/1516548\" target=\"_blank\" rel=\"noopener\">Ligue 1 : Lille arrache le derby \u00e0 Lens dans le temps additionnel<\/a><br>-27\/10\/2024 <a href=\"https:\/\/www.lequipe.fr\/Football\/Actualites\/Will-still-entraineur-de-lens-apres-le-derby-perdu-face-au-losc-on-est-frustres\/1516586\" target=\"_blank\" rel=\"noopener\">Will Still, entra\u00eeneur de Lens, apr\u00e8s le derby perdu face au LOSC : \u00ab On est frustr\u00e9s \u00bb (Ligue 1)<\/a><br>-27\/10\/2024 <a href=\"https:\/\/www.lequipe.fr\/Football\/Actualites\/Lucas-chevalier-rappele-a-l-ordre-apres-sa-celebration-lors-du-derby\/1516582\" target=\"_blank\" rel=\"noopener\">Ligue 1 : Lucas Chevalier rappel\u00e9 \u00e0 l&rsquo;ordre apr\u00e8s sa c\u00e9l\u00e9bration lors du derby<\/a><br><br><b>www.lefigaro.fr<\/b> :<br>-27\/10\/2024 <a href=\"https:\/\/www.lefigaro.fr\/sports\/football\/ligue-1\/lens-lille-david-clutch-des-lensois-pas-assez-tranchants-les-tops-et-les-flops-20241027\" target=\"_blank\" rel=\"noopener\">Lens-Lille : David clutch, des Lensois pas assez tranchants&#8230; Les tops et les flops<\/a><br><br><b>www.maxifoot.fr<\/b> :<br>-26\/10\/2024 <a href=\"https:\/\/www.maxifoot.fr\/football\/article-59341.htm\" target=\"_blank\" rel=\"noopener\">Lille arrache le derby sur le fil ! &#8211; D\u00e9brief et NOTES des joueurs (RCL 0-2 LOSC)<\/a><br><br><b>www.eurosport.fr<\/b> :<br>-26\/10\/2024 <a href=\"https:\/\/www.eurosport.fr\/football\/ligue-1\/2024-2025\/lille-arrache-in-extremis-le-derby-a-lens-0-2-grace-a-deux-buts-dans-les-arrets-de-jeu_sto10380461\/story.shtml\" target=\"_blank\" rel=\"noopener\">Lille arrache in extremis le derby \u00e0 Lens (0-2) gr\u00e2ce \u00e0 deux buts dans les arr\u00eats de jeu<\/a><br><br><b>rmcsport.bfmtv.com<\/b> :<br>-27\/10\/2024 <a href=\"https:\/\/rmcsport.bfmtv.com\/football\/ligue-1\/lens-lille-penalty-polemique-echauffourees-et-chambrage-de-chevalier-recit-d-une-fin-du-derby-bouillante_AV-202410270084.html\" target=\"_blank\" rel=\"noopener\">Lens-Lille: penalty pol\u00e9mique, \u00e9chauffour\u00e9es et chambrage de Chevalier\u2026 r\u00e9cit d&rsquo;une fin du derby bouillante<\/a><br><br><b>www.sofoot.com<\/b> :<br>-26\/10\/2024 <a href=\"https:\/\/www.sofoot.com\/articles\/lille-arrache-le-derby-du-nord-a-lens\" target=\"_blank\" rel=\"noopener\">Lille s\u2019offre Lens au buzzer &#8211; Ligue 1 &#8211; J9 &#8211; Lens-Lille (0-2)<\/a><\/p>\n\n\n<div class=\"wp-block-image\">\n<figure class=\"aligncenter size-full\"><img loading=\"lazy\" decoding=\"async\" width=\"173\" height=\"2\" src=\"https:\/\/www.sitercl.com\/News\/wp-content\/uploads\/2022\/03\/NAVIsep3.gif\" alt=\"\" class=\"wp-image-7319\"\/><\/figure>\n<\/div>\n\n\n<p><strong><em>Avant match&#8230;<\/em><\/strong><br><br><b>www.lavoixdunord.fr<\/b> :<br>-26\/10\/2024 <a href=\"https:\/\/www.lavoixdunord.fr\/1516785\/article\/2024-10-26\/lens-lille-eden-hazard-raphael-varane-quoi-doivent-s-attendre-thomas-meunier-et\" target=\"_blank\" rel=\"noopener\">Lens \u2013 Lille : Comme Eden Hazard ou Rapha\u00ebl Varane ? A quoi doivent s\u2019attendre Thomas Meunier et M\u2019Bala N\u2019Zola pour leur premier derby ?<\/a><br>-26\/10\/2024 <a href=\"https:\/\/www.lavoixdunord.fr\/1516684\/article\/2024-10-26\/brice-samba-lucas-chevalier-c-est-qui-le-plus-fort-le-pouvoir-de-decision-aux\" target=\"_blank\" rel=\"noopener\">Brice Samba &#8211; Lucas Chevalier, c\u2019est qui le plus fort ? Le pouvoir de d\u00e9cision aux gardiens pour le derby<\/a><br>-26\/10\/2024 <a href=\"https:\/\/www.lavoixdunord.fr\/1516672\/article\/2024-10-26\/le-derby-c-est-presque-sentimental-lens-lille-identite-egalite-passion\" target=\"_blank\" rel=\"noopener\">\u00ab Le derby, c\u2019est presque sentimental \u00bb : Lens &#8211; Lille, identit\u00e9, \u00e9galit\u00e9, passion<\/a><br>-25\/10\/2024 <a href=\"https:\/\/www.lavoixdunord.fr\/1516320\/article\/2024-10-25\/j-ai-des-frissons-rien-que-d-y-penser-florian-sotoca-revisite-ses-derbys\" target=\"_blank\" rel=\"noopener\">\u00ab J\u2019ai des frissons rien que d\u2019y penser \u00bb : Florian Sotoca revisite ses derbys entre Lens et Lille<\/a><br>-25\/10\/2024 <a href=\"https:\/\/www.lavoixdunord.fr\/1516412\/article\/2024-10-25\/lens-lille-le-derby-un-aspect-presque-sentimental-pour-will-still\" target=\"_blank\" rel=\"noopener\">Lens &#8211; Lille : \u00ab Le derby a un aspect presque sentimental \u00bb pour Will Still<\/a><br>-25\/10\/2024 <a href=\"https:\/\/www.lavoixdunord.fr\/1516528\/article\/2024-10-25\/lens-lille-le-nouveau-ministre-des-sports-assistera-au-derby-du-nord\" target=\"_blank\" rel=\"noopener\">Lens-Lille : le nouveau ministre des Sports assistera au derby du Nord<\/a><br>-24\/10\/2024 <a href=\"https:\/\/www.lavoixdunord.fr\/1516082\/article\/2024-10-24\/lens-lille-je-ne-suis-pas-du-genre-faire-la-gueule-jonathan-gradit-habitue-la\" target=\"_blank\" rel=\"noopener\">Lens \u2013 Lille: \u00ab Je ne suis pas du genre \u00e0 faire la gueule \u00bb, Jonathan Gradit habitu\u00e9 \u00e0 la concurrence<\/a><br>-24\/10\/2024 <a href=\"https:\/\/www.lavoixdunord.fr\/1516060\/article\/2024-10-24\/lens-lille-ca-va-etre-une-absence-consequente-wesley-said-la-nouvelle-tuile\" target=\"_blank\" rel=\"noopener\">Lens \u2013 Lille : \u00ab \u00e7a va \u00eatre une absence cons\u00e9quente \u00bb, Wesley Sa\u00efd, la nouvelle tuile<\/a><br>-23\/10\/2024 <a href=\"https:\/\/www.lavoixdunord.fr\/1515823\/article\/2024-10-23\/lens-lille-kakuta-yilmaz-coups-de-klaxon-tifos-ces-chambrages-qui-ont-fait\" target=\"_blank\" rel=\"noopener\">Lens &#8211; Lille : Kakuta -Yilmaz, coups de klaxon, tifos\u2026 ces chambrages qui ont fait monter la pression depuis 2020<\/a><br>-18\/10\/2024 <a href=\"https:\/\/www.lavoixdunord.fr\/1513987\/article\/2024-10-18\/lourd-contentieux-entre-supporters-le-deplacement-tres-encadre-des-supporters\" target=\"_blank\" rel=\"noopener\">Lens &#8211; Lille : pour un \u00ab contentieux historique \u00bb, le d\u00e9placement des supporters du LOSC sera tr\u00e8s encadr\u00e9<\/a><br>-18\/10\/2024 <a href=\"https:\/\/www.lavoixdunord.fr\/1514085\/article\/2024-10-18\/il-y-un-manque-je-rumine-sans-dazn-ces-supporters-ne-voient-plus-les-matchs-de\" target=\"_blank\" rel=\"noopener\">\u00ab Il y a un manque, je rumine \u00bb : sans DAZN, ces supporters ne voient plus les matchs de Lens ou de Lille<\/a><br><br><b>www.lequipe.fr<\/b> :<br>-26\/10\/2024 <a href=\"https:\/\/www.lequipe.fr\/Football\/Actualites\/-dire-qu-il-y-a-un-public-bourgeois-a-lille-contre-un-public-ouvrier-a-lens-c-est-faux-william-nuytens-sociologue\/1516361\" target=\"_blank\" rel=\"noopener\">Derby du Nord : \u00ab Dire qu&rsquo;il y a un public bourgeois \u00e0 Lille contre un public ouvrier \u00e0 Lens, c&rsquo;est faux \u00bb, Williams Nuytens, sociologue<\/a><br>-25\/10\/2024 <a href=\"https:\/\/www.lequipe.fr\/Football\/Actualites\/Bruno-genesio-avant-le-derby-du-nord-les-lensois-sont-favoris\/1516186\" target=\"_blank\" rel=\"noopener\">Bruno Genesio avant le derby Lens-Lille : \u00ab Les Lensois sont favoris \u00bb (Ligue 1)<\/a><br>-25\/10\/2024 <a href=\"https:\/\/www.lequipe.fr\/Football\/Actualites\/Le-losc-sans-remy-cabella-pour-le-derby-a-lens-ayyoub-bouaddi-incertain\/1516152\" target=\"_blank\" rel=\"noopener\">Lille : Le LOSC sans R\u00e9my Cabella pour le derby \u00e0 Lens, Ayyoub Bouaddi incertain<\/a><br>-25\/10\/2024 <a href=\"https:\/\/www.lequipe.fr\/Football\/Actualites\/Apres-son-exploit-contre-l-atletico-de-madrid-en-ligue-des-champions-lille-avec-ses-titulaires-dans-le-derby-a-lens\/1516024\" target=\"_blank\" rel=\"noopener\">Ligue 1 : Apr\u00e8s son exploit contre l&rsquo;Atl\u00e9tico de Madrid en Ligue des champions, Lille avec ses titulaires dans le derby \u00e0 Lens<\/a><br>-24\/10\/2024 <a href=\"https:\/\/www.lequipe.fr\/Football\/Actualites\/-il-ne-faut-pas-tomber-dans-l-emotionnel-avertit-will-still-lens-avant-le-derby-face-a-lille\/1515925\" target=\"_blank\" rel=\"noopener\">Ligue 1 : \u00ab Il ne faut pas tomber dans l&rsquo;\u00e9motionnel \u00bb, avertit Will Still (Lens) avant le derby face \u00e0 Lille<\/a><br>-24\/10\/2024 <a href=\"https:\/\/www.lequipe.fr\/Football\/Actualites\/Absent-plusieurs-semaines-le-lensois-wesley-said-manquera-le-derby-face-a-lille\/1515917\" target=\"_blank\" rel=\"noopener\">Ligue 1 : Absent plusieurs semaines, le Lensois Wesley Sa\u00efd manquera le derby face \u00e0 Lille<\/a><br><br><b>www.eurosport.fr<\/b> :<br>-25\/10\/2024 <a href=\"https:\/\/www.eurosport.fr\/football\/ligue-1-a-lens-entre-danso-khusanov-et-gradit-will-still-fait-face-a-un-probleme-de-riche-avant-de-r_sto10378447\/story.shtml\" target=\"_blank\" rel=\"noopener\">A Lens, entre Danso, Khusanov et Gradit, Will Still fait face \u00e0 un probl\u00e8me de riches avant de recevoir Lille<\/a><br><br><b>rmcsport.bfmtv.com<\/b> :<br>-23\/10\/2024 <a href=\"https:\/\/rmcsport.bfmtv.com\/football\/ligue-1\/ses-freres-adjoints-la-gestion-de-joueurs-plus-vieux-que-lui-le-beau-jeu-will-still-raconte-son-acclimatation-a-lens_AV-202410230672.html\" target=\"_blank\" rel=\"noopener\">Ses fr\u00e8res adjoints, la gestion de joueurs plus vieux que lui, le beau jeu: Will Still raconte son acclimatation \u00e0 Lens<\/a><br><br><b>www.90min.com<\/b> :<br>-24\/10\/2024 <a href=\"https:\/\/www.90min.com\/fr\/rc-lens-losc-les-compos-probables-blesses-et-les-predictions-de-ce-derby-tres-attendu-en-ligue-1-26-10-2024\" target=\"_blank\" rel=\"noopener\">RC Lens &#8211; LOSC : Les compos probables, bless\u00e9s et les pr\u00e9dictions de ce derby tr\u00e8s attendu en Ligue 1<\/a><br>-22\/10\/2024 <a href=\"https:\/\/www.90min.com\/fr\/rc-lens-seko-fofana-de-retour-mais-pas-en-tant-que-joueur\" target=\"_blank\" rel=\"noopener\">RC Lens : Seko Fofana de retour, mais pas en tant que joueur<\/a><br><br><b>www.lanouvellerepublique.fr<\/b> :<br>-25\/10\/2024 <a href=\"https:\/\/www.lanouvellerepublique.fr\/sports\/ligue-1-derby-en-haute-altitude-entre-lens-et-lille\" target=\"_blank\" rel=\"noopener\">Ligue 1 : derby en haute altitude entre Lens et Lille<\/a><br><br><b>france3-regions.francetvinfo.fr<\/b> :<br>-23\/10\/2024 <a href=\"https:\/\/france3-regions.francetvinfo.fr\/hauts-de-france\/pas-calais\/lens\/derby-du-nord-rc-lens-losc-le-dispositif-pour-eviter-les-debordements-entre-supporters-3049750.html\" target=\"_blank\" rel=\"noopener\">Derby du Nord, RC Lens &#8211; LOSC : Le dispositif pour \u00e9viter les d\u00e9bordements entre supporters<\/a><br><br><b>ligue1.fr<\/b> :<br>-23\/10\/2024 <a href=\"https:\/\/ligue1.fr\/fr\/articles\/l1_article_1077-abdukodir-khusanov-le-nouveau-monstre-de-la-defense-lensoise\" target=\"_blank\" rel=\"noopener\">Abdukodir Khusanov, le nouveau \u00ab\u00a0monstre\u00a0\u00bb de la d\u00e9fense lensoise<\/a><br><br><b>www.20minutes.fr<\/b> :<br>-24\/10\/2024 <a href=\"https:\/\/www.20minutes.fr\/sport\/f1\/4117443-20241024-losc-bruno-genesio-dezingue-lfp-programmation-derby-lens-lille-apres-exploit-face-atletico\" target=\"_blank\" rel=\"noopener\">Losc : Bruno Genesio d\u00e9zingue la LFP sur la programmation du derby Lens-Lille apr\u00e8s l\u2019exploit face \u00e0 l\u2019Atl\u00e9tico<\/a><br><br><b>madeinfoot.ouest-france.fr<\/b> :<br>-25\/10\/2024 <a href=\"https:\/\/madeinfoot.ouest-france.fr\/infos\/article-losc-le-groupe-de-bruno-genesio-pour-le-derby-du-nord-face-au-rc-lens-461912.html\" target=\"_blank\" rel=\"noopener\">LOSC : Le groupe de Bruno Genesio pour le Derby du Nord face au RC Lens !<\/a><\/p>\n","protected":false},"excerpt":{"rendered":"<p>Retrouvez une s\u00e9lection d&rsquo;articles du Web sur la rencontre de Ligue 1 McDonald&rsquo;s saison 2024\/2025 entre le RC Lens et le LOSC (0-2)&#8230; www.lavoixdunord.fr :-28\/10\/2024 Gestes d\u00e9plac\u00e9s et obsc\u00e8nes des Lillois apr\u00e8s le derby : le RC Lens interpelle la Ligue-28\/10\/2024 \u00ab Massacrez ces cl\u00e9bards \u00bb : que risquent les supporters qui brandissent des tifos &hellip; <a href=\"https:\/\/www.sitercl.com\/News\/?p=13573\" class=\"more-link\">Continuer la lecture<span class=\"screen-reader-text\"> de &laquo;&nbsp;Revue du Web RCL &#8211; LOSC&nbsp;&raquo;<\/span><\/a><\/p>\n","protected":false},"author":2,"featured_media":0,"comment_status":"closed","ping_status":"open","sticky":false,"template":"","format":"standard","meta":{"footnotes":""},"categories":[6],"tags":[144,13,151,143],"class_list":["post-13573","post","type-post","status-publish","format-standard","hentry","category-revue-du-web","tag-derby","tag-internet","tag-ligue-1","tag-losc"],"_links":{"self":[{"href":"https:\/\/www.sitercl.com\/News\/index.php?rest_route=\/wp\/v2\/posts\/13573","targetHints":{"allow":["GET"]}}],"collection":[{"href":"https:\/\/www.sitercl.com\/News\/index.php?rest_route=\/wp\/v2\/posts"}],"about":[{"href":"https:\/\/www.sitercl.com\/News\/index.php?rest_route=\/wp\/v2\/types\/post"}],"author":[{"embeddable":true,"href":"https:\/\/www.sitercl.com\/News\/index.php?rest_route=\/wp\/v2\/users\/2"}],"replies":[{"embeddable":true,"href":"https:\/\/www.sitercl.com\/News\/index.php?rest_route=%2Fwp%2Fv2%2Fcomments&post=13573"}],"version-history":[{"count":16,"href":"https:\/\/www.sitercl.com\/News\/index.php?rest_route=\/wp\/v2\/posts\/13573\/revisions"}],"predecessor-version":[{"id":13635,"href":"https:\/\/www.sitercl.com\/News\/index.php?rest_route=\/wp\/v2\/posts\/13573\/revisions\/13635"}],"wp:attachment":[{"href":"https:\/\/www.sitercl.com\/News\/index.php?rest_route=%2Fwp%2Fv2%2Fmedia&parent=13573"}],"wp:term":[{"taxonomy":"category","embeddable":true,"href":"https:\/\/www.sitercl.com\/News\/index.php?rest_route=%2Fwp%2Fv2%2Fcategories&post=13573"},{"taxonomy":"post_tag","embeddable":true,"href":"https:\/\/www.sitercl.com\/News\/index.php?rest_route=%2Fwp%2Fv2%2Ftags&post=13573"}],"curies":[{"name":"wp","href":"https:\/\/api.w.org\/{rel}","templated":true}]}}