{"id":1364,"date":"2019-06-01T18:39:13","date_gmt":"2019-06-01T16:39:13","guid":{"rendered":"https:\/\/www.sitercl.com\/News\/?p=1364"},"modified":"2019-06-02T10:23:11","modified_gmt":"2019-06-02T08:23:11","slug":"les-groupes-pour-dijon-lens","status":"publish","type":"post","link":"https:\/\/www.sitercl.com\/News\/?p=1364","title":{"rendered":"Les groupes pour Dijon &#8211; Lens"},"content":{"rendered":"\n<div class=\"wp-block-image\"><figure class=\"alignright\"><img loading=\"lazy\" decoding=\"async\" width=\"137\" height=\"150\" src=\"https:\/\/www.sitercl.com\/News\/wp-content\/uploads\/2018\/12\/grpjoueu.jpg\" alt=\"\" class=\"wp-image-248\"\/><\/figure><\/div>\n\n\n\n<p>Retrouvez les groupes convoqu\u00e9s pour le match retour des barrages de Ligue 1 qui opposera le Dijon FCO au RC Lens ce dimanche \u00e0 partir de 21h00&#8230;<\/p>\n\n\n\n<p><strong>Pour le Dijon FCO <\/strong>:<br>Allain, Ntumba, R\u00fanarsson \u2013\u00a0Alphonse, Bouka Moutou, Chafik, Coulibaly, Haddadi, Lautoa, Yamb\u00e9r\u00e9 \u2013\u00a0Abeid, Amalfitano, Balmont, Mari\u00e9, Sammaritano, Sliti \u2013\u00a0Jeannot, Kaba, Sa\u00efd.<\/p>\n\n\n\n<p>Le buteur de jeudi soir, Chang-hoon Kwon est forfait, touch\u00e9 aux cervicales. Les autres absents sont Aguerd (cuisse), Rosier (m\u00e9tatarse), Tavares (genou) et Loiodice (France U20).<\/p>\n\n\n\n<p><strong>Pour le RC Lens<\/strong> :<br>Vachoux, Belon \u2013 Duverne, Sagnan, Tahrat, Fortes, Centonze, Mendy, Ha\u00efdara \u2013 Bellegarde, Ba, Diarra, Gillet, Mesloub, Doucour\u00e9 \u2013 Banza, Gomis, Ambrose, Chouiar, Kyei.<\/p>\n\n\n\n<p>Pas de soucis physiques apr\u00e8s le match aller. Philippe Montanier a donc pu de nouveau convoquer 20 joueurs avec une petite diff\u00e9rence par rapport au match aller, la pr\u00e9sence de l&rsquo;attaquant Grejohn Kyei \u00e0 la place du d\u00e9fenseur Sa\u00eff Tka.<\/p>\n\n\n\n<p><strong>Les arbitres<\/strong> :<br>C&rsquo;est M. Ruddy BUQUET (42 ans) qui a \u00e9t\u00e9 d\u00e9sign\u00e9 comme arbitre principal de cette rencontre. Il sera assist\u00e9 par  Guillaume DEBART et Julien PACELLI sur les lignes de touche et Hakim BEN EL HADJ sera le 4e arbitre.<br>Arbitres assistants vid\u00e9o : Fran\u00e7ois LETEXIER et Olivier THUAL.<\/p>\n","protected":false},"excerpt":{"rendered":"<p>Retrouvez les groupes convoqu\u00e9s pour le match retour des barrages de Ligue 1 qui opposera le Dijon FCO au RC Lens ce dimanche \u00e0 partir de 21h00&#8230; Pour le Dijon FCO :Allain, Ntumba, R\u00fanarsson \u2013\u00a0Alphonse, Bouka Moutou, Chafik, Coulibaly, Haddadi, Lautoa, Yamb\u00e9r\u00e9 \u2013\u00a0Abeid, Amalfitano, Balmont, Mari\u00e9, Sammaritano, Sliti \u2013\u00a0Jeannot, Kaba, Sa\u00efd. Le buteur de jeudi &hellip; <a href=\"https:\/\/www.sitercl.com\/News\/?p=1364\" class=\"more-link\">Continuer la lecture<span class=\"screen-reader-text\"> de &laquo;&nbsp;Les groupes pour Dijon &#8211; Lens&nbsp;&raquo;<\/span><\/a><\/p>\n","protected":false},"author":2,"featured_media":0,"comment_status":"closed","ping_status":"open","sticky":false,"template":"","format":"standard","meta":{"footnotes":""},"categories":[2],"tags":[158,159,11,151,50],"class_list":["post-1364","post","type-post","status-publish","format-standard","hentry","category-infos","tag-barrages","tag-dijon","tag-groupes","tag-ligue-1","tag-ligue-2"],"_links":{"self":[{"href":"https:\/\/www.sitercl.com\/News\/index.php?rest_route=\/wp\/v2\/posts\/1364","targetHints":{"allow":["GET"]}}],"collection":[{"href":"https:\/\/www.sitercl.com\/News\/index.php?rest_route=\/wp\/v2\/posts"}],"about":[{"href":"https:\/\/www.sitercl.com\/News\/index.php?rest_route=\/wp\/v2\/types\/post"}],"author":[{"embeddable":true,"href":"https:\/\/www.sitercl.com\/News\/index.php?rest_route=\/wp\/v2\/users\/2"}],"replies":[{"embeddable":true,"href":"https:\/\/www.sitercl.com\/News\/index.php?rest_route=%2Fwp%2Fv2%2Fcomments&post=1364"}],"version-history":[{"count":5,"href":"https:\/\/www.sitercl.com\/News\/index.php?rest_route=\/wp\/v2\/posts\/1364\/revisions"}],"predecessor-version":[{"id":1376,"href":"https:\/\/www.sitercl.com\/News\/index.php?rest_route=\/wp\/v2\/posts\/1364\/revisions\/1376"}],"wp:attachment":[{"href":"https:\/\/www.sitercl.com\/News\/index.php?rest_route=%2Fwp%2Fv2%2Fmedia&parent=1364"}],"wp:term":[{"taxonomy":"category","embeddable":true,"href":"https:\/\/www.sitercl.com\/News\/index.php?rest_route=%2Fwp%2Fv2%2Fcategories&post=1364"},{"taxonomy":"post_tag","embeddable":true,"href":"https:\/\/www.sitercl.com\/News\/index.php?rest_route=%2Fwp%2Fv2%2Ftags&post=1364"}],"curies":[{"name":"wp","href":"https:\/\/api.w.org\/{rel}","templated":true}]}}