{"id":1405,"date":"2019-06-10T10:46:37","date_gmt":"2019-06-10T08:46:37","guid":{"rendered":"https:\/\/www.sitercl.com\/News\/?p=1405"},"modified":"2019-06-10T10:46:37","modified_gmt":"2019-06-10T08:46:37","slug":"lacina-traore-reve-de-lens","status":"publish","type":"post","link":"https:\/\/www.sitercl.com\/News\/?p=1405","title":{"rendered":"Lacina Traor\u00e9 r\u00eave de Lens"},"content":{"rendered":"\n<p>Le RC Lens avec son public, m\u00eame en Ligue 2, fait encore r\u00eav\u00e9 ! Et pour preuve, dans une interview pour <em><a aria-label=\"FootMercato (s\u2019ouvre dans un nouvel onglet)\" rel=\"noreferrer noopener\" href=\"http:\/\/www.footmercato.net\/autre-championnat\/info-fm-lacina-traore-je-vais-me-redonner-une-chance-de-revenir-et-de-montrer-ce-que-je-peux-faire_255747\" target=\"_blank\">FootMercato<\/a><\/em>, l&rsquo;ancien attaquant Ivoirien de l&rsquo;AS Monaco, Lacina Traor\u00e9 (Ujpest, HUN), d\u00e9clare son r\u00eave \u00ab\u00a0Sang et Or\u00a0\u00bb :<br>\u00ab\u00a0<em> Le RC Lens, m\u00eame en Ligue 2, j\u2019irais. Je suis tous les matches. Depuis petit, j\u2019ai vu l\u2019histoire de ce club-l\u00e0, avec son public, sinc\u00e8rement, c\u2019est pffff. Rigobert Song et beaucoup d\u2019Africains ont jou\u00e9 l\u00e0-bas. C\u2019est un club sp\u00e9cial pour moi. Ce club-l\u00e0 \u00e9tait tr\u00e8s suivi en Afrique, c\u2019est rest\u00e9 grav\u00e9 en moi<\/em> \u00ab\u00a0.<\/p>\n","protected":false},"excerpt":{"rendered":"<p>Le RC Lens avec son public, m\u00eame en Ligue 2, fait encore r\u00eav\u00e9 ! Et pour preuve, dans une interview pour FootMercato, l&rsquo;ancien attaquant Ivoirien de l&rsquo;AS Monaco, Lacina Traor\u00e9 (Ujpest, HUN), d\u00e9clare son r\u00eave \u00ab\u00a0Sang et Or\u00a0\u00bb :\u00ab\u00a0 Le RC Lens, m\u00eame en Ligue 2, j\u2019irais. Je suis tous les matches. Depuis petit, j\u2019ai &hellip; <a href=\"https:\/\/www.sitercl.com\/News\/?p=1405\" class=\"more-link\">Continuer la lecture<span class=\"screen-reader-text\"> de &laquo;&nbsp;Lacina Traor\u00e9 r\u00eave de Lens&nbsp;&raquo;<\/span><\/a><\/p>\n","protected":false},"author":2,"featured_media":0,"comment_status":"closed","ping_status":"open","sticky":false,"template":"","format":"standard","meta":{"footnotes":""},"categories":[2],"tags":[13,171,170],"class_list":["post-1405","post","type-post","status-publish","format-standard","hentry","category-infos","tag-internet","tag-interview","tag-traore"],"_links":{"self":[{"href":"https:\/\/www.sitercl.com\/News\/index.php?rest_route=\/wp\/v2\/posts\/1405","targetHints":{"allow":["GET"]}}],"collection":[{"href":"https:\/\/www.sitercl.com\/News\/index.php?rest_route=\/wp\/v2\/posts"}],"about":[{"href":"https:\/\/www.sitercl.com\/News\/index.php?rest_route=\/wp\/v2\/types\/post"}],"author":[{"embeddable":true,"href":"https:\/\/www.sitercl.com\/News\/index.php?rest_route=\/wp\/v2\/users\/2"}],"replies":[{"embeddable":true,"href":"https:\/\/www.sitercl.com\/News\/index.php?rest_route=%2Fwp%2Fv2%2Fcomments&post=1405"}],"version-history":[{"count":1,"href":"https:\/\/www.sitercl.com\/News\/index.php?rest_route=\/wp\/v2\/posts\/1405\/revisions"}],"predecessor-version":[{"id":1406,"href":"https:\/\/www.sitercl.com\/News\/index.php?rest_route=\/wp\/v2\/posts\/1405\/revisions\/1406"}],"wp:attachment":[{"href":"https:\/\/www.sitercl.com\/News\/index.php?rest_route=%2Fwp%2Fv2%2Fmedia&parent=1405"}],"wp:term":[{"taxonomy":"category","embeddable":true,"href":"https:\/\/www.sitercl.com\/News\/index.php?rest_route=%2Fwp%2Fv2%2Fcategories&post=1405"},{"taxonomy":"post_tag","embeddable":true,"href":"https:\/\/www.sitercl.com\/News\/index.php?rest_route=%2Fwp%2Fv2%2Ftags&post=1405"}],"curies":[{"name":"wp","href":"https:\/\/api.w.org\/{rel}","templated":true}]}}